{"id":26841,"date":"2025-03-21T06:07:36","date_gmt":"2025-03-21T06:07:36","guid":{"rendered":"https:\/\/trayectoriadeportiva.com\/index.php\/2025\/03\/21\/espana-paises-bajos-horario-y-donde-ver-por-tv-los-cuartos-de-final-de-la-nations-league\/"},"modified":"2025-03-21T06:07:36","modified_gmt":"2025-03-21T06:07:36","slug":"espana-paises-bajos-horario-y-donde-ver-por-tv-los-cuartos-de-final-de-la-nations-league","status":"publish","type":"post","link":"https:\/\/trayectoriadeportiva.com\/index.php\/2025\/03\/21\/espana-paises-bajos-horario-y-donde-ver-por-tv-los-cuartos-de-final-de-la-nations-league\/","title":{"rendered":"Espa\u00f1a &#8211; Pa\u00edses Bajos | Horario y d\u00f3nde ver por TV los cuartos de final de la Nations League"},"content":{"rendered":"<p>Este domingo, 23 de marzo, el combinado dirigido por Luis de la Fuente se presenta a las puertas de la fase final de un nuevo trofeo: la UEFA Nations League, a la que llega despu\u00e9s del \u00e9xito amasado con la Eurocopa.<\/p>\n<p><a href=\"https:\/\/www.lavanguardia.com\/deportes\/horarios\/futbol\/20250321\/10503175\/espana-paises-bajos-horario-donde-ver-tv-cuartos-final-nations-league-pmv.html\">Seguir leyendo&#8230;<\/a><\/p>","protected":false},"excerpt":{"rendered":"<p>Este domingo, 23 de marzo, el combinado dirigido por Luis de la Fuente se presenta a las puertas de la fase final de un nuevo trofeo: la UEFA Nations League, a la que llega despu\u00e9s del \u00e9xito amasado con la Eurocopa. Seguir leyendo&#8230;<\/p>\n","protected":false},"author":1,"featured_media":26842,"comment_status":"","ping_status":"","sticky":false,"template":"","format":"standard","meta":{"_et_pb_use_builder":"","_et_pb_old_content":"","_et_gb_content_width":"","footnotes":""},"categories":[1],"tags":[],"class_list":["post-26841","post","type-post","status-publish","format-standard","has-post-thumbnail","hentry","category-blog","et-has-post-format-content","et_post_format-et-post-format-standard"],"_links":{"self":[{"href":"https:\/\/trayectoriadeportiva.com\/index.php\/wp-json\/wp\/v2\/posts\/26841","targetHints":{"allow":["GET"]}}],"collection":[{"href":"https:\/\/trayectoriadeportiva.com\/index.php\/wp-json\/wp\/v2\/posts"}],"about":[{"href":"https:\/\/trayectoriadeportiva.com\/index.php\/wp-json\/wp\/v2\/types\/post"}],"author":[{"embeddable":true,"href":"https:\/\/trayectoriadeportiva.com\/index.php\/wp-json\/wp\/v2\/users\/1"}],"replies":[{"embeddable":true,"href":"https:\/\/trayectoriadeportiva.com\/index.php\/wp-json\/wp\/v2\/comments?post=26841"}],"version-history":[{"count":0,"href":"https:\/\/trayectoriadeportiva.com\/index.php\/wp-json\/wp\/v2\/posts\/26841\/revisions"}],"wp:featuredmedia":[{"embeddable":true,"href":"https:\/\/trayectoriadeportiva.com\/index.php\/wp-json\/wp\/v2\/media\/26842"}],"wp:attachment":[{"href":"https:\/\/trayectoriadeportiva.com\/index.php\/wp-json\/wp\/v2\/media?parent=26841"}],"wp:term":[{"taxonomy":"category","embeddable":true,"href":"https:\/\/trayectoriadeportiva.com\/index.php\/wp-json\/wp\/v2\/categories?post=26841"},{"taxonomy":"post_tag","embeddable":true,"href":"https:\/\/trayectoriadeportiva.com\/index.php\/wp-json\/wp\/v2\/tags?post=26841"}],"curies":[{"name":"wp","href":"https:\/\/api.w.org\/{rel}","templated":true}]}}