{"id":26887,"date":"2025-03-22T09:49:34","date_gmt":"2025-03-22T09:49:34","guid":{"rendered":"https:\/\/trayectoriadeportiva.com\/index.php\/2025\/03\/22\/otro-descalabro-de-alcaraz-no-se-que-decir\/"},"modified":"2025-03-22T09:49:34","modified_gmt":"2025-03-22T09:49:34","slug":"otro-descalabro-de-alcaraz-no-se-que-decir","status":"publish","type":"post","link":"https:\/\/trayectoriadeportiva.com\/index.php\/2025\/03\/22\/otro-descalabro-de-alcaraz-no-se-que-decir\/","title":{"rendered":"Otro descalabro de Alcaraz: \u201cNo s\u00e9 que decir\u201d"},"content":{"rendered":"<p>\u201cVen\u00eda sinti\u00e9ndome muy bien, pero despu\u00e9s de esta derrota ya no s\u00e9 qu\u00e9 decir\u201d, as\u00ed comenz\u00f3 su comparecencia el espa\u00f1ol <a href=\"https:\/\/www.lavanguardia.com\/deportes\/tenis\/20250322\/10507085\/alcaraz-despide-miami-caer-fulminado-goffin.html\">Carlos Alcaraz tras caer ante el belga David Goffin en su estreno en el torneo de Miami<\/a>. Una derrota dura, un palo m\u00e1s que se suma a otros que se ha llevado esta misma temporada. Pero esta vez es quiz\u00e1s m\u00e1s doloroso porque se trata de una primera ronda. Porque llega despu\u00e9s de otras dos decepciones como en Doha e Indian Wells. Pero sobre todo porque esto le aleja aun m\u00e1s de la posibilidad de ser n\u00famero 1 ante la sanci\u00f3n de Jannick Sinner.<\/p>\n<p><a href=\"https:\/\/www.lavanguardia.com\/deportes\/tenis\/20250322\/10507321\/alcaraz-descalabro-goffin-miami-tenis.html\">Seguir leyendo&#8230;<\/a><\/p>","protected":false},"excerpt":{"rendered":"<p>\u201cVen\u00eda sinti\u00e9ndome muy bien, pero despu\u00e9s de esta derrota ya no s\u00e9 qu\u00e9 decir\u201d, as\u00ed comenz\u00f3 su comparecencia el espa\u00f1ol Carlos Alcaraz tras caer ante el belga David Goffin en su estreno en el torneo de Miami. Una derrota dura, un palo m\u00e1s que se suma a otros que se ha llevado esta misma temporada. [&hellip;]<\/p>\n","protected":false},"author":1,"featured_media":26888,"comment_status":"","ping_status":"","sticky":false,"template":"","format":"standard","meta":{"_et_pb_use_builder":"","_et_pb_old_content":"","_et_gb_content_width":"","footnotes":""},"categories":[1],"tags":[],"class_list":["post-26887","post","type-post","status-publish","format-standard","has-post-thumbnail","hentry","category-blog","et-has-post-format-content","et_post_format-et-post-format-standard"],"_links":{"self":[{"href":"https:\/\/trayectoriadeportiva.com\/index.php\/wp-json\/wp\/v2\/posts\/26887","targetHints":{"allow":["GET"]}}],"collection":[{"href":"https:\/\/trayectoriadeportiva.com\/index.php\/wp-json\/wp\/v2\/posts"}],"about":[{"href":"https:\/\/trayectoriadeportiva.com\/index.php\/wp-json\/wp\/v2\/types\/post"}],"author":[{"embeddable":true,"href":"https:\/\/trayectoriadeportiva.com\/index.php\/wp-json\/wp\/v2\/users\/1"}],"replies":[{"embeddable":true,"href":"https:\/\/trayectoriadeportiva.com\/index.php\/wp-json\/wp\/v2\/comments?post=26887"}],"version-history":[{"count":0,"href":"https:\/\/trayectoriadeportiva.com\/index.php\/wp-json\/wp\/v2\/posts\/26887\/revisions"}],"wp:featuredmedia":[{"embeddable":true,"href":"https:\/\/trayectoriadeportiva.com\/index.php\/wp-json\/wp\/v2\/media\/26888"}],"wp:attachment":[{"href":"https:\/\/trayectoriadeportiva.com\/index.php\/wp-json\/wp\/v2\/media?parent=26887"}],"wp:term":[{"taxonomy":"category","embeddable":true,"href":"https:\/\/trayectoriadeportiva.com\/index.php\/wp-json\/wp\/v2\/categories?post=26887"},{"taxonomy":"post_tag","embeddable":true,"href":"https:\/\/trayectoriadeportiva.com\/index.php\/wp-json\/wp\/v2\/tags?post=26887"}],"curies":[{"name":"wp","href":"https:\/\/api.w.org\/{rel}","templated":true}]}}