{"id":26980,"date":"2025-03-25T16:14:25","date_gmt":"2025-03-25T16:14:25","guid":{"rendered":"https:\/\/trayectoriadeportiva.com\/index.php\/2025\/03\/25\/dani-olmo-el-objetivo-es-ganarlo-todo\/"},"modified":"2025-03-25T16:14:25","modified_gmt":"2025-03-25T16:14:25","slug":"dani-olmo-el-objetivo-es-ganarlo-todo","status":"publish","type":"post","link":"https:\/\/trayectoriadeportiva.com\/index.php\/2025\/03\/25\/dani-olmo-el-objetivo-es-ganarlo-todo\/","title":{"rendered":"Dani Olmo: \u201cEl objetivo es ganarlo todo\u201d"},"content":{"rendered":"<p>A punto de comenzar los dos \u00faltimos meses de competici\u00f3n en el vestuario del Bar\u00e7a la ambici\u00f3n y el convencimiento de que los t\u00edtulos son posibles es total. As\u00ed lo expres\u00f3 Dani Olmo, durante la presentaci\u00f3n del MICFootball 2025, que se celebrar\u00e1 del 15 al 20 de abril en la Costa Brava. El centrocampista del Bar\u00e7a dej\u00f3 claro que el objetivo del equipo estos dos meses que restan de competici\u00f3n es \u201cganarlo todo\u201d y no dud\u00f3 en dejar el mismo mensaje que otros de sus compa\u00f1eros al desear la final de la Champions League contra el Real Madrid: \u201cSer\u00eda un buen partido, \u00bfno?\u201d.<\/p>\n<p><a href=\"https:\/\/www.lavanguardia.com\/deportes\/fc-barcelona\/20250325\/10517330\/dani-olmo-micfootball-2025-titulos-ganarlo-todo-barcelona.html\">Seguir leyendo&#8230;<\/a><\/p>","protected":false},"excerpt":{"rendered":"<p>A punto de comenzar los dos \u00faltimos meses de competici\u00f3n en el vestuario del Bar\u00e7a la ambici\u00f3n y el convencimiento de que los t\u00edtulos son posibles es total. As\u00ed lo expres\u00f3 Dani Olmo, durante la presentaci\u00f3n del MICFootball 2025, que se celebrar\u00e1 del 15 al 20 de abril en la Costa Brava. El centrocampista del [&hellip;]<\/p>\n","protected":false},"author":1,"featured_media":26981,"comment_status":"","ping_status":"","sticky":false,"template":"","format":"standard","meta":{"_et_pb_use_builder":"","_et_pb_old_content":"","_et_gb_content_width":"","footnotes":""},"categories":[1],"tags":[],"class_list":["post-26980","post","type-post","status-publish","format-standard","has-post-thumbnail","hentry","category-blog","et-has-post-format-content","et_post_format-et-post-format-standard"],"_links":{"self":[{"href":"https:\/\/trayectoriadeportiva.com\/index.php\/wp-json\/wp\/v2\/posts\/26980","targetHints":{"allow":["GET"]}}],"collection":[{"href":"https:\/\/trayectoriadeportiva.com\/index.php\/wp-json\/wp\/v2\/posts"}],"about":[{"href":"https:\/\/trayectoriadeportiva.com\/index.php\/wp-json\/wp\/v2\/types\/post"}],"author":[{"embeddable":true,"href":"https:\/\/trayectoriadeportiva.com\/index.php\/wp-json\/wp\/v2\/users\/1"}],"replies":[{"embeddable":true,"href":"https:\/\/trayectoriadeportiva.com\/index.php\/wp-json\/wp\/v2\/comments?post=26980"}],"version-history":[{"count":0,"href":"https:\/\/trayectoriadeportiva.com\/index.php\/wp-json\/wp\/v2\/posts\/26980\/revisions"}],"wp:featuredmedia":[{"embeddable":true,"href":"https:\/\/trayectoriadeportiva.com\/index.php\/wp-json\/wp\/v2\/media\/26981"}],"wp:attachment":[{"href":"https:\/\/trayectoriadeportiva.com\/index.php\/wp-json\/wp\/v2\/media?parent=26980"}],"wp:term":[{"taxonomy":"category","embeddable":true,"href":"https:\/\/trayectoriadeportiva.com\/index.php\/wp-json\/wp\/v2\/categories?post=26980"},{"taxonomy":"post_tag","embeddable":true,"href":"https:\/\/trayectoriadeportiva.com\/index.php\/wp-json\/wp\/v2\/tags?post=26980"}],"curies":[{"name":"wp","href":"https:\/\/api.w.org\/{rel}","templated":true}]}}