{"id":27082,"date":"2025-03-28T13:27:22","date_gmt":"2025-03-28T13:27:22","guid":{"rendered":"https:\/\/trayectoriadeportiva.com\/index.php\/2025\/03\/28\/dani-olmo-lesion-muscular-y-tres-semanas-de-baja\/"},"modified":"2025-03-28T13:27:22","modified_gmt":"2025-03-28T13:27:22","slug":"dani-olmo-lesion-muscular-y-tres-semanas-de-baja","status":"publish","type":"post","link":"https:\/\/trayectoriadeportiva.com\/index.php\/2025\/03\/28\/dani-olmo-lesion-muscular-y-tres-semanas-de-baja\/","title":{"rendered":"Dani Olmo: lesi\u00f3n muscular y tres semanas de baja"},"content":{"rendered":"<p>La cara de Olmo fue de resignaci\u00f3n total. La que pone cualquier futbolista que sabe que se ha resentido de una lesi\u00f3n muscular y que ya sabe por d\u00f3nde transitar\u00e1. Las pruebas realizadas esta ma\u00f1ana han confirmado que el futbolista tiene una lesi\u00f3n miofascial en el aductor de la pierna derecha. El tiempo de recuperaci\u00f3n estimado ser\u00e1 de tres semanas aproximadamente, por lo que podr\u00eda estar disponible para la vuelta de los cuartos de final de la Champions en Dortmund frente al Borussia el 15 de abril. Esta es la tercera lesi\u00f3n muscular del futbolista que llegaba al partido contra Osasuna tras jugar\u00a0108 minutos con la selecci\u00f3n espa\u00f1ola ante Pa\u00edses Bajos: 24 en la ida en R\u00f3terdam y 84 en la vuelta en Valencia.<\/p>\n<p><a href=\"https:\/\/www.lavanguardia.com\/deportes\/fc-barcelona\/20250328\/10529334\/dani-olmo-lesion-muscular-tres-semanas-baja-barca.html\">Seguir leyendo&#8230;<\/a><\/p>","protected":false},"excerpt":{"rendered":"<p>La cara de Olmo fue de resignaci\u00f3n total. La que pone cualquier futbolista que sabe que se ha resentido de una lesi\u00f3n muscular y que ya sabe por d\u00f3nde transitar\u00e1. Las pruebas realizadas esta ma\u00f1ana han confirmado que el futbolista tiene una lesi\u00f3n miofascial en el aductor de la pierna derecha. El tiempo de recuperaci\u00f3n [&hellip;]<\/p>\n","protected":false},"author":1,"featured_media":27083,"comment_status":"","ping_status":"","sticky":false,"template":"","format":"standard","meta":{"_et_pb_use_builder":"","_et_pb_old_content":"","_et_gb_content_width":"","footnotes":""},"categories":[1],"tags":[],"class_list":["post-27082","post","type-post","status-publish","format-standard","has-post-thumbnail","hentry","category-blog","et-has-post-format-content","et_post_format-et-post-format-standard"],"_links":{"self":[{"href":"https:\/\/trayectoriadeportiva.com\/index.php\/wp-json\/wp\/v2\/posts\/27082","targetHints":{"allow":["GET"]}}],"collection":[{"href":"https:\/\/trayectoriadeportiva.com\/index.php\/wp-json\/wp\/v2\/posts"}],"about":[{"href":"https:\/\/trayectoriadeportiva.com\/index.php\/wp-json\/wp\/v2\/types\/post"}],"author":[{"embeddable":true,"href":"https:\/\/trayectoriadeportiva.com\/index.php\/wp-json\/wp\/v2\/users\/1"}],"replies":[{"embeddable":true,"href":"https:\/\/trayectoriadeportiva.com\/index.php\/wp-json\/wp\/v2\/comments?post=27082"}],"version-history":[{"count":0,"href":"https:\/\/trayectoriadeportiva.com\/index.php\/wp-json\/wp\/v2\/posts\/27082\/revisions"}],"wp:featuredmedia":[{"embeddable":true,"href":"https:\/\/trayectoriadeportiva.com\/index.php\/wp-json\/wp\/v2\/media\/27083"}],"wp:attachment":[{"href":"https:\/\/trayectoriadeportiva.com\/index.php\/wp-json\/wp\/v2\/media?parent=27082"}],"wp:term":[{"taxonomy":"category","embeddable":true,"href":"https:\/\/trayectoriadeportiva.com\/index.php\/wp-json\/wp\/v2\/categories?post=27082"},{"taxonomy":"post_tag","embeddable":true,"href":"https:\/\/trayectoriadeportiva.com\/index.php\/wp-json\/wp\/v2\/tags?post=27082"}],"curies":[{"name":"wp","href":"https:\/\/api.w.org\/{rel}","templated":true}]}}