{"id":27160,"date":"2025-03-30T04:00:00","date_gmt":"2025-03-30T04:00:00","guid":{"rendered":"https:\/\/trayectoriadeportiva.com\/index.php\/2025\/03\/30\/las-claves-tacticas-del-barca-girona\/"},"modified":"2025-03-30T04:00:00","modified_gmt":"2025-03-30T04:00:00","slug":"las-claves-tacticas-del-barca-girona","status":"publish","type":"post","link":"https:\/\/trayectoriadeportiva.com\/index.php\/2025\/03\/30\/las-claves-tacticas-del-barca-girona\/","title":{"rendered":"Las claves t\u00e1cticas del Bar\u00e7a- Girona"},"content":{"rendered":"<p>D\u00eda de derbi, d\u00eda de partido grande en Montju\u00efc. Bar\u00e7a y Girona se ver\u00e1n las caras en un encuentro que desprende f\u00fatbol por todas partes. Porque si bien es cierto que llegan en din\u00e1micas muy diferentes, se enfrentaran dos propuestas muy parecidas y muy valientes. Y eso siempre es sin\u00f3nimo de gran espect\u00e1culo. Aqu\u00ed mis claves para este fant\u00e1stico encuentro:<\/p>\n<p><a href=\"https:\/\/www.lavanguardia.com\/deportes\/fc-barcelona\/20250330\/10532728\/claves-barca-girona-derbi-montjuic.html\">Seguir leyendo&#8230;<\/a><\/p>","protected":false},"excerpt":{"rendered":"<p>D\u00eda de derbi, d\u00eda de partido grande en Montju\u00efc. Bar\u00e7a y Girona se ver\u00e1n las caras en un encuentro que desprende f\u00fatbol por todas partes. Porque si bien es cierto que llegan en din\u00e1micas muy diferentes, se enfrentaran dos propuestas muy parecidas y muy valientes. Y eso siempre es sin\u00f3nimo de gran espect\u00e1culo. Aqu\u00ed mis [&hellip;]<\/p>\n","protected":false},"author":1,"featured_media":27161,"comment_status":"","ping_status":"","sticky":false,"template":"","format":"standard","meta":{"_et_pb_use_builder":"","_et_pb_old_content":"","_et_gb_content_width":"","footnotes":""},"categories":[1],"tags":[],"class_list":["post-27160","post","type-post","status-publish","format-standard","has-post-thumbnail","hentry","category-blog","et-has-post-format-content","et_post_format-et-post-format-standard"],"_links":{"self":[{"href":"https:\/\/trayectoriadeportiva.com\/index.php\/wp-json\/wp\/v2\/posts\/27160","targetHints":{"allow":["GET"]}}],"collection":[{"href":"https:\/\/trayectoriadeportiva.com\/index.php\/wp-json\/wp\/v2\/posts"}],"about":[{"href":"https:\/\/trayectoriadeportiva.com\/index.php\/wp-json\/wp\/v2\/types\/post"}],"author":[{"embeddable":true,"href":"https:\/\/trayectoriadeportiva.com\/index.php\/wp-json\/wp\/v2\/users\/1"}],"replies":[{"embeddable":true,"href":"https:\/\/trayectoriadeportiva.com\/index.php\/wp-json\/wp\/v2\/comments?post=27160"}],"version-history":[{"count":0,"href":"https:\/\/trayectoriadeportiva.com\/index.php\/wp-json\/wp\/v2\/posts\/27160\/revisions"}],"wp:featuredmedia":[{"embeddable":true,"href":"https:\/\/trayectoriadeportiva.com\/index.php\/wp-json\/wp\/v2\/media\/27161"}],"wp:attachment":[{"href":"https:\/\/trayectoriadeportiva.com\/index.php\/wp-json\/wp\/v2\/media?parent=27160"}],"wp:term":[{"taxonomy":"category","embeddable":true,"href":"https:\/\/trayectoriadeportiva.com\/index.php\/wp-json\/wp\/v2\/categories?post=27160"},{"taxonomy":"post_tag","embeddable":true,"href":"https:\/\/trayectoriadeportiva.com\/index.php\/wp-json\/wp\/v2\/tags?post=27160"}],"curies":[{"name":"wp","href":"https:\/\/api.w.org\/{rel}","templated":true}]}}