{"id":27245,"date":"2025-03-31T11:56:13","date_gmt":"2025-03-31T11:56:13","guid":{"rendered":"https:\/\/trayectoriadeportiva.com\/index.php\/2025\/03\/31\/aryna-sabalenka-aumenta-su-ventaja-en-el-numero-uno-de-la-wta\/"},"modified":"2025-03-31T11:56:13","modified_gmt":"2025-03-31T11:56:13","slug":"aryna-sabalenka-aumenta-su-ventaja-en-el-numero-uno-de-la-wta","status":"publish","type":"post","link":"https:\/\/trayectoriadeportiva.com\/index.php\/2025\/03\/31\/aryna-sabalenka-aumenta-su-ventaja-en-el-numero-uno-de-la-wta\/","title":{"rendered":"Aryna Sabalenka aumenta su ventaja en el n\u00famero uno de la WTA"},"content":{"rendered":"<p>Con una ventaja de\u00a03.071 puntos sobre Iga Swiatek, Aryna Sabalenka se ha consolidado como la n\u00famero 1 del tenis femenino. Este s\u00e1bado, celebr\u00f3 su primer t\u00edtulo en Miami tras derrotar a la estadounidense\u00a0Jessica Pegula en una final que termin\u00f3 en 7-5 y 6-2, logrando su octavo trofeo de categor\u00eda WTA 1000.<\/p>\n<p><a href=\"https:\/\/www.lavanguardia.com\/deportes\/tenis\/20250331\/10535535\/aryna-sabalenka-aumenta-ventaja-numero-wta.html\">Seguir leyendo&#8230;<\/a><\/p>","protected":false},"excerpt":{"rendered":"<p>Con una ventaja de\u00a03.071 puntos sobre Iga Swiatek, Aryna Sabalenka se ha consolidado como la n\u00famero 1 del tenis femenino. Este s\u00e1bado, celebr\u00f3 su primer t\u00edtulo en Miami tras derrotar a la estadounidense\u00a0Jessica Pegula en una final que termin\u00f3 en 7-5 y 6-2, logrando su octavo trofeo de categor\u00eda WTA 1000. Seguir leyendo&#8230;<\/p>\n","protected":false},"author":1,"featured_media":27246,"comment_status":"","ping_status":"","sticky":false,"template":"","format":"standard","meta":{"_et_pb_use_builder":"","_et_pb_old_content":"","_et_gb_content_width":"","footnotes":""},"categories":[1],"tags":[],"class_list":["post-27245","post","type-post","status-publish","format-standard","has-post-thumbnail","hentry","category-blog","et-has-post-format-content","et_post_format-et-post-format-standard"],"_links":{"self":[{"href":"https:\/\/trayectoriadeportiva.com\/index.php\/wp-json\/wp\/v2\/posts\/27245","targetHints":{"allow":["GET"]}}],"collection":[{"href":"https:\/\/trayectoriadeportiva.com\/index.php\/wp-json\/wp\/v2\/posts"}],"about":[{"href":"https:\/\/trayectoriadeportiva.com\/index.php\/wp-json\/wp\/v2\/types\/post"}],"author":[{"embeddable":true,"href":"https:\/\/trayectoriadeportiva.com\/index.php\/wp-json\/wp\/v2\/users\/1"}],"replies":[{"embeddable":true,"href":"https:\/\/trayectoriadeportiva.com\/index.php\/wp-json\/wp\/v2\/comments?post=27245"}],"version-history":[{"count":0,"href":"https:\/\/trayectoriadeportiva.com\/index.php\/wp-json\/wp\/v2\/posts\/27245\/revisions"}],"wp:featuredmedia":[{"embeddable":true,"href":"https:\/\/trayectoriadeportiva.com\/index.php\/wp-json\/wp\/v2\/media\/27246"}],"wp:attachment":[{"href":"https:\/\/trayectoriadeportiva.com\/index.php\/wp-json\/wp\/v2\/media?parent=27245"}],"wp:term":[{"taxonomy":"category","embeddable":true,"href":"https:\/\/trayectoriadeportiva.com\/index.php\/wp-json\/wp\/v2\/categories?post=27245"},{"taxonomy":"post_tag","embeddable":true,"href":"https:\/\/trayectoriadeportiva.com\/index.php\/wp-json\/wp\/v2\/tags?post=27245"}],"curies":[{"name":"wp","href":"https:\/\/api.w.org\/{rel}","templated":true}]}}