{"id":27335,"date":"2025-04-02T18:22:16","date_gmt":"2025-04-02T18:22:16","guid":{"rendered":"https:\/\/trayectoriadeportiva.com\/index.php\/2025\/04\/02\/hansi-flick-apuesta-por-ferran-torres-en-el-metropolitano\/"},"modified":"2025-04-02T18:22:16","modified_gmt":"2025-04-02T18:22:16","slug":"hansi-flick-apuesta-por-ferran-torres-en-el-metropolitano","status":"publish","type":"post","link":"https:\/\/trayectoriadeportiva.com\/index.php\/2025\/04\/02\/hansi-flick-apuesta-por-ferran-torres-en-el-metropolitano\/","title":{"rendered":"Hansi Flick apuesta por Ferran Torres en el Metropolitano"},"content":{"rendered":"<p>Hansi Flick sigue fiel a sus ideas. El t\u00e9cnico alem\u00e1n apuesta por Ferran Torres como titular en el Metropolitano para intentar la clasificaci\u00f3n para la final copera. Flick deja en el banquillo a Robert Lewandowski en beneficio del m\u00e1ximo goleador del equipo en la competici\u00f3n.<\/p>\n<p><a href=\"https:\/\/www.lavanguardia.com\/deportes\/fc-barcelona\/20250402\/10546314\/flick-barcelona-atletico-copa.html\">Seguir leyendo&#8230;<\/a><\/p>","protected":false},"excerpt":{"rendered":"<p>Hansi Flick sigue fiel a sus ideas. El t\u00e9cnico alem\u00e1n apuesta por Ferran Torres como titular en el Metropolitano para intentar la clasificaci\u00f3n para la final copera. Flick deja en el banquillo a Robert Lewandowski en beneficio del m\u00e1ximo goleador del equipo en la competici\u00f3n. Seguir leyendo&#8230;<\/p>\n","protected":false},"author":1,"featured_media":27336,"comment_status":"","ping_status":"","sticky":false,"template":"","format":"standard","meta":{"_et_pb_use_builder":"","_et_pb_old_content":"","_et_gb_content_width":"","footnotes":""},"categories":[1],"tags":[],"class_list":["post-27335","post","type-post","status-publish","format-standard","has-post-thumbnail","hentry","category-blog","et-has-post-format-content","et_post_format-et-post-format-standard"],"_links":{"self":[{"href":"https:\/\/trayectoriadeportiva.com\/index.php\/wp-json\/wp\/v2\/posts\/27335","targetHints":{"allow":["GET"]}}],"collection":[{"href":"https:\/\/trayectoriadeportiva.com\/index.php\/wp-json\/wp\/v2\/posts"}],"about":[{"href":"https:\/\/trayectoriadeportiva.com\/index.php\/wp-json\/wp\/v2\/types\/post"}],"author":[{"embeddable":true,"href":"https:\/\/trayectoriadeportiva.com\/index.php\/wp-json\/wp\/v2\/users\/1"}],"replies":[{"embeddable":true,"href":"https:\/\/trayectoriadeportiva.com\/index.php\/wp-json\/wp\/v2\/comments?post=27335"}],"version-history":[{"count":0,"href":"https:\/\/trayectoriadeportiva.com\/index.php\/wp-json\/wp\/v2\/posts\/27335\/revisions"}],"wp:featuredmedia":[{"embeddable":true,"href":"https:\/\/trayectoriadeportiva.com\/index.php\/wp-json\/wp\/v2\/media\/27336"}],"wp:attachment":[{"href":"https:\/\/trayectoriadeportiva.com\/index.php\/wp-json\/wp\/v2\/media?parent=27335"}],"wp:term":[{"taxonomy":"category","embeddable":true,"href":"https:\/\/trayectoriadeportiva.com\/index.php\/wp-json\/wp\/v2\/categories?post=27335"},{"taxonomy":"post_tag","embeddable":true,"href":"https:\/\/trayectoriadeportiva.com\/index.php\/wp-json\/wp\/v2\/tags?post=27335"}],"curies":[{"name":"wp","href":"https:\/\/api.w.org\/{rel}","templated":true}]}}