{"id":27361,"date":"2025-04-02T22:41:42","date_gmt":"2025-04-02T22:41:42","guid":{"rendered":"https:\/\/trayectoriadeportiva.com\/index.php\/2025\/04\/02\/flick-sobre-el-triplete-sonar-esta-permitido-pero-hay-que-ir-paso-a-paso\/"},"modified":"2025-04-02T22:41:42","modified_gmt":"2025-04-02T22:41:42","slug":"flick-sobre-el-triplete-sonar-esta-permitido-pero-hay-que-ir-paso-a-paso","status":"publish","type":"post","link":"https:\/\/trayectoriadeportiva.com\/index.php\/2025\/04\/02\/flick-sobre-el-triplete-sonar-esta-permitido-pero-hay-que-ir-paso-a-paso\/","title":{"rendered":"Flick sobre el triplete: \u201cSo\u00f1ar est\u00e1 permitido, pero hay que ir paso a paso\u201d"},"content":{"rendered":"<p>Con el pitido final de Munuera Montero, Hansi Flick salt\u00f3 de alegr\u00eda sobre el c\u00e9sped del Metropolitano. Le pidi\u00f3 perd\u00f3n a Gavi por haberlo hecho calentar. Y despu\u00e9s felicit\u00f3 a todo su cuerpo t\u00e9cnico y a su plantilla. Todos estar\u00e1n en la final de la Copa del Rey de Sevilla del pr\u00f3ximo 26 de mayo. Y la jugar\u00e1n contra el Real Madrid, el eterno rival.<\/p>\n<p><a href=\"https:\/\/www.lavanguardia.com\/deportes\/fc-barcelona\/20250403\/10546683\/flick-sobre-triplete-sonar-esta-permitido-hay-paso-paso.html\">Seguir leyendo&#8230;<\/a><\/p>","protected":false},"excerpt":{"rendered":"<p>Con el pitido final de Munuera Montero, Hansi Flick salt\u00f3 de alegr\u00eda sobre el c\u00e9sped del Metropolitano. Le pidi\u00f3 perd\u00f3n a Gavi por haberlo hecho calentar. Y despu\u00e9s felicit\u00f3 a todo su cuerpo t\u00e9cnico y a su plantilla. Todos estar\u00e1n en la final de la Copa del Rey de Sevilla del pr\u00f3ximo 26 de mayo. [&hellip;]<\/p>\n","protected":false},"author":1,"featured_media":27362,"comment_status":"","ping_status":"","sticky":false,"template":"","format":"standard","meta":{"_et_pb_use_builder":"","_et_pb_old_content":"","_et_gb_content_width":"","footnotes":""},"categories":[1],"tags":[],"class_list":["post-27361","post","type-post","status-publish","format-standard","has-post-thumbnail","hentry","category-blog","et-has-post-format-content","et_post_format-et-post-format-standard"],"_links":{"self":[{"href":"https:\/\/trayectoriadeportiva.com\/index.php\/wp-json\/wp\/v2\/posts\/27361","targetHints":{"allow":["GET"]}}],"collection":[{"href":"https:\/\/trayectoriadeportiva.com\/index.php\/wp-json\/wp\/v2\/posts"}],"about":[{"href":"https:\/\/trayectoriadeportiva.com\/index.php\/wp-json\/wp\/v2\/types\/post"}],"author":[{"embeddable":true,"href":"https:\/\/trayectoriadeportiva.com\/index.php\/wp-json\/wp\/v2\/users\/1"}],"replies":[{"embeddable":true,"href":"https:\/\/trayectoriadeportiva.com\/index.php\/wp-json\/wp\/v2\/comments?post=27361"}],"version-history":[{"count":0,"href":"https:\/\/trayectoriadeportiva.com\/index.php\/wp-json\/wp\/v2\/posts\/27361\/revisions"}],"wp:featuredmedia":[{"embeddable":true,"href":"https:\/\/trayectoriadeportiva.com\/index.php\/wp-json\/wp\/v2\/media\/27362"}],"wp:attachment":[{"href":"https:\/\/trayectoriadeportiva.com\/index.php\/wp-json\/wp\/v2\/media?parent=27361"}],"wp:term":[{"taxonomy":"category","embeddable":true,"href":"https:\/\/trayectoriadeportiva.com\/index.php\/wp-json\/wp\/v2\/categories?post=27361"},{"taxonomy":"post_tag","embeddable":true,"href":"https:\/\/trayectoriadeportiva.com\/index.php\/wp-json\/wp\/v2\/tags?post=27361"}],"curies":[{"name":"wp","href":"https:\/\/api.w.org\/{rel}","templated":true}]}}