{"id":27450,"date":"2025-04-05T09:26:16","date_gmt":"2025-04-05T09:26:16","guid":{"rendered":"https:\/\/trayectoriadeportiva.com\/index.php\/2025\/04\/05\/alonso-ira-al-ataque-si-hay-lluvia-en-japon\/"},"modified":"2025-04-05T09:26:16","modified_gmt":"2025-04-05T09:26:16","slug":"alonso-ira-al-ataque-si-hay-lluvia-en-japon","status":"publish","type":"post","link":"https:\/\/trayectoriadeportiva.com\/index.php\/2025\/04\/05\/alonso-ira-al-ataque-si-hay-lluvia-en-japon\/","title":{"rendered":"Alonso ir\u00e1 al ataque si hay lluvia en Jap\u00f3n"},"content":{"rendered":"<p>El espa\u00f1ol Fernando Alonso (Aston Martin), doble campe\u00f3n del mundo de F\u00f3rmula Uno, que arranca decimotercero este domingo en el Gran Premio de Jap\u00f3n, el tercero del Mundial, declar\u00f3 en el circuito de Suzuka que intentar\u00e1n \u201cluchar por los puntos\u201d, en una prueba en la que festej\u00f3 dos de sus 32 victorias en la categor\u00eda reina.<\/p>\n<p><a href=\"https:\/\/www.lavanguardia.com\/deportes\/formula-1\/20250405\/10555822\/fernando-alonso-gp-japon-f1-ataque-lluvia.html\">Seguir leyendo&#8230;<\/a><\/p>","protected":false},"excerpt":{"rendered":"<p>El espa\u00f1ol Fernando Alonso (Aston Martin), doble campe\u00f3n del mundo de F\u00f3rmula Uno, que arranca decimotercero este domingo en el Gran Premio de Jap\u00f3n, el tercero del Mundial, declar\u00f3 en el circuito de Suzuka que intentar\u00e1n \u201cluchar por los puntos\u201d, en una prueba en la que festej\u00f3 dos de sus 32 victorias en la categor\u00eda [&hellip;]<\/p>\n","protected":false},"author":1,"featured_media":27451,"comment_status":"","ping_status":"","sticky":false,"template":"","format":"standard","meta":{"_et_pb_use_builder":"","_et_pb_old_content":"","_et_gb_content_width":"","footnotes":""},"categories":[1],"tags":[],"class_list":["post-27450","post","type-post","status-publish","format-standard","has-post-thumbnail","hentry","category-blog","et-has-post-format-content","et_post_format-et-post-format-standard"],"_links":{"self":[{"href":"https:\/\/trayectoriadeportiva.com\/index.php\/wp-json\/wp\/v2\/posts\/27450","targetHints":{"allow":["GET"]}}],"collection":[{"href":"https:\/\/trayectoriadeportiva.com\/index.php\/wp-json\/wp\/v2\/posts"}],"about":[{"href":"https:\/\/trayectoriadeportiva.com\/index.php\/wp-json\/wp\/v2\/types\/post"}],"author":[{"embeddable":true,"href":"https:\/\/trayectoriadeportiva.com\/index.php\/wp-json\/wp\/v2\/users\/1"}],"replies":[{"embeddable":true,"href":"https:\/\/trayectoriadeportiva.com\/index.php\/wp-json\/wp\/v2\/comments?post=27450"}],"version-history":[{"count":0,"href":"https:\/\/trayectoriadeportiva.com\/index.php\/wp-json\/wp\/v2\/posts\/27450\/revisions"}],"wp:featuredmedia":[{"embeddable":true,"href":"https:\/\/trayectoriadeportiva.com\/index.php\/wp-json\/wp\/v2\/media\/27451"}],"wp:attachment":[{"href":"https:\/\/trayectoriadeportiva.com\/index.php\/wp-json\/wp\/v2\/media?parent=27450"}],"wp:term":[{"taxonomy":"category","embeddable":true,"href":"https:\/\/trayectoriadeportiva.com\/index.php\/wp-json\/wp\/v2\/categories?post=27450"},{"taxonomy":"post_tag","embeddable":true,"href":"https:\/\/trayectoriadeportiva.com\/index.php\/wp-json\/wp\/v2\/tags?post=27450"}],"curies":[{"name":"wp","href":"https:\/\/api.w.org\/{rel}","templated":true}]}}