{"id":27504,"date":"2025-04-05T21:22:03","date_gmt":"2025-04-05T21:22:03","guid":{"rendered":"https:\/\/trayectoriadeportiva.com\/index.php\/2025\/04\/05\/el-barca-se-queda-a-medias-contra-el-betis\/"},"modified":"2025-04-05T21:22:03","modified_gmt":"2025-04-05T21:22:03","slug":"el-barca-se-queda-a-medias-contra-el-betis","status":"publish","type":"post","link":"https:\/\/trayectoriadeportiva.com\/index.php\/2025\/04\/05\/el-barca-se-queda-a-medias-contra-el-betis\/","title":{"rendered":"El Bar\u00e7a se queda a medias contra el Betis"},"content":{"rendered":"<p>La Liga es tan larga como corto se hizo el tiempo a\u00f1adido del partido de Montju\u00efc. El calendario es tan cargado como pesadas estuvieron las piernas del Bar\u00e7a. El premio de abrir seis puntos con el Madrid era tan goloso que la sensaci\u00f3n al final, tras el empate con el Betis, es que cuatro puntos de ventaja eran pocos. Los blaugrana son m\u00e1s l\u00edderes pese a no ganar. Aunque la lecci\u00f3n que aprendi\u00f3 es que mejor no dar las cosas por sentadas.<\/p>\n<p><a href=\"https:\/\/www.lavanguardia.com\/deportes\/fc-barcelona\/20250405\/10557071\/barca-queda-medias-betis.html\">Seguir leyendo&#8230;<\/a><\/p>","protected":false},"excerpt":{"rendered":"<p>La Liga es tan larga como corto se hizo el tiempo a\u00f1adido del partido de Montju\u00efc. El calendario es tan cargado como pesadas estuvieron las piernas del Bar\u00e7a. El premio de abrir seis puntos con el Madrid era tan goloso que la sensaci\u00f3n al final, tras el empate con el Betis, es que cuatro puntos [&hellip;]<\/p>\n","protected":false},"author":1,"featured_media":27505,"comment_status":"","ping_status":"","sticky":false,"template":"","format":"standard","meta":{"_et_pb_use_builder":"","_et_pb_old_content":"","_et_gb_content_width":"","footnotes":""},"categories":[1],"tags":[],"class_list":["post-27504","post","type-post","status-publish","format-standard","has-post-thumbnail","hentry","category-blog","et-has-post-format-content","et_post_format-et-post-format-standard"],"_links":{"self":[{"href":"https:\/\/trayectoriadeportiva.com\/index.php\/wp-json\/wp\/v2\/posts\/27504","targetHints":{"allow":["GET"]}}],"collection":[{"href":"https:\/\/trayectoriadeportiva.com\/index.php\/wp-json\/wp\/v2\/posts"}],"about":[{"href":"https:\/\/trayectoriadeportiva.com\/index.php\/wp-json\/wp\/v2\/types\/post"}],"author":[{"embeddable":true,"href":"https:\/\/trayectoriadeportiva.com\/index.php\/wp-json\/wp\/v2\/users\/1"}],"replies":[{"embeddable":true,"href":"https:\/\/trayectoriadeportiva.com\/index.php\/wp-json\/wp\/v2\/comments?post=27504"}],"version-history":[{"count":0,"href":"https:\/\/trayectoriadeportiva.com\/index.php\/wp-json\/wp\/v2\/posts\/27504\/revisions"}],"wp:featuredmedia":[{"embeddable":true,"href":"https:\/\/trayectoriadeportiva.com\/index.php\/wp-json\/wp\/v2\/media\/27505"}],"wp:attachment":[{"href":"https:\/\/trayectoriadeportiva.com\/index.php\/wp-json\/wp\/v2\/media?parent=27504"}],"wp:term":[{"taxonomy":"category","embeddable":true,"href":"https:\/\/trayectoriadeportiva.com\/index.php\/wp-json\/wp\/v2\/categories?post=27504"},{"taxonomy":"post_tag","embeddable":true,"href":"https:\/\/trayectoriadeportiva.com\/index.php\/wp-json\/wp\/v2\/tags?post=27504"}],"curies":[{"name":"wp","href":"https:\/\/api.w.org\/{rel}","templated":true}]}}