{"id":2753,"date":"2023-11-15T21:04:35","date_gmt":"2023-11-15T21:04:35","guid":{"rendered":"https:\/\/trayectoriadeportiva.com\/index.php\/2023\/11\/15\/detenidos-otros-siete-aficionados-del-espanyol-por-impedir-la-celebracion-del-barca-en-cornella\/"},"modified":"2023-11-15T21:04:35","modified_gmt":"2023-11-15T21:04:35","slug":"detenidos-otros-siete-aficionados-del-espanyol-por-impedir-la-celebracion-del-barca-en-cornella","status":"publish","type":"post","link":"https:\/\/trayectoriadeportiva.com\/index.php\/2023\/11\/15\/detenidos-otros-siete-aficionados-del-espanyol-por-impedir-la-celebracion-del-barca-en-cornella\/","title":{"rendered":"Detenidos otros siete aficionados del Espanyol por impedir la celebraci\u00f3n del Bar\u00e7a en Cornell\u00e0"},"content":{"rendered":"<p>Los Mossos d&#8217;Esquadra han detenido este mi\u00e9rcoles a otros siete hombres\u00a0de entre 18 y 44 a\u00f1os que se suman a los seis detenidos el pasado 2 de noviembre\u00a0como presuntos autores de los altercados que se produjeron el 14 de mayo en el RCDE Stadium de Cornell\u00e0 de Llobregat, cuando un grupo de aficionados del Espanyol salt\u00f3 al c\u00e9sped para impedir que los jugadores del FC Barcelona celebrasen el t\u00edtulo liguero al finalizar el derbi.<\/p>\n<p><a href=\"https:\/\/www.lavanguardia.com\/deportes\/20231115\/9381455\/detenidos-otros-siete-aficionados-espanyol-impedir-celebracion-barca-cornella.html\">Seguir leyendo&#8230;<\/a><\/p>","protected":false},"excerpt":{"rendered":"<p>Los Mossos d&#8217;Esquadra han detenido este mi\u00e9rcoles a otros siete hombres\u00a0de entre 18 y 44 a\u00f1os que se suman a los seis detenidos el pasado 2 de noviembre\u00a0como presuntos autores de los altercados que se produjeron el 14 de mayo en el RCDE Stadium de Cornell\u00e0 de Llobregat, cuando un grupo de aficionados del Espanyol [&hellip;]<\/p>\n","protected":false},"author":0,"featured_media":2754,"comment_status":"","ping_status":"","sticky":false,"template":"","format":"standard","meta":{"_et_pb_use_builder":"","_et_pb_old_content":"","_et_gb_content_width":"","footnotes":""},"categories":[1],"tags":[],"class_list":["post-2753","post","type-post","status-publish","format-standard","has-post-thumbnail","hentry","category-blog","et-has-post-format-content","et_post_format-et-post-format-standard"],"_links":{"self":[{"href":"https:\/\/trayectoriadeportiva.com\/index.php\/wp-json\/wp\/v2\/posts\/2753","targetHints":{"allow":["GET"]}}],"collection":[{"href":"https:\/\/trayectoriadeportiva.com\/index.php\/wp-json\/wp\/v2\/posts"}],"about":[{"href":"https:\/\/trayectoriadeportiva.com\/index.php\/wp-json\/wp\/v2\/types\/post"}],"replies":[{"embeddable":true,"href":"https:\/\/trayectoriadeportiva.com\/index.php\/wp-json\/wp\/v2\/comments?post=2753"}],"version-history":[{"count":0,"href":"https:\/\/trayectoriadeportiva.com\/index.php\/wp-json\/wp\/v2\/posts\/2753\/revisions"}],"wp:featuredmedia":[{"embeddable":true,"href":"https:\/\/trayectoriadeportiva.com\/index.php\/wp-json\/wp\/v2\/media\/2754"}],"wp:attachment":[{"href":"https:\/\/trayectoriadeportiva.com\/index.php\/wp-json\/wp\/v2\/media?parent=2753"}],"wp:term":[{"taxonomy":"category","embeddable":true,"href":"https:\/\/trayectoriadeportiva.com\/index.php\/wp-json\/wp\/v2\/categories?post=2753"},{"taxonomy":"post_tag","embeddable":true,"href":"https:\/\/trayectoriadeportiva.com\/index.php\/wp-json\/wp\/v2\/tags?post=2753"}],"curies":[{"name":"wp","href":"https:\/\/api.w.org\/{rel}","templated":true}]}}