{"id":27562,"date":"2025-04-06T16:40:36","date_gmt":"2025-04-06T16:40:36","guid":{"rendered":"https:\/\/trayectoriadeportiva.com\/index.php\/2025\/04\/06\/vinicius-pierde-el-paso\/"},"modified":"2025-04-06T16:40:36","modified_gmt":"2025-04-06T16:40:36","slug":"vinicius-pierde-el-paso","status":"publish","type":"post","link":"https:\/\/trayectoriadeportiva.com\/index.php\/2025\/04\/06\/vinicius-pierde-el-paso\/","title":{"rendered":"Vin\u00edcius pierde el paso"},"content":{"rendered":"<p>El Real Madrid entra en el tramo decisivo de la temporada vivo en las tres competiciones, pero con muchas dudas y una certeza. A Kylian Mbapp\u00e9 le ha costado solo unos meses ser el gran referente del equipo y sus n\u00fameros mejoran los del primer a\u00f1o de Cristiano Ronaldo. El ascenso de la estrella francesa parece imparable y ha dejado atr\u00e1s el recelo con el que le recibi\u00f3 el madridismo por sus siete veranos dando portazos al equipo blanco desde el PSG. Al mismo tiempo, la estrella de Vin\u00edcius declina a marchas forzadas. El brasile\u00f1o lleva varios partidos pitado por el p\u00fablico del Bernab\u00e9u, est\u00e1 muy lejos de su mejor forma y en las redes sociales arrecian las peticiones a Florentino P\u00e9rez para que este verano le venda a Arabia por una buena cantidad.<\/p>\n<p><a href=\"https:\/\/www.lavanguardia.com\/deportes\/atletico-de-madrid\/20250406\/10558376\/vinicius-pierde-paso.html\">Seguir leyendo&#8230;<\/a><\/p>","protected":false},"excerpt":{"rendered":"<p>El Real Madrid entra en el tramo decisivo de la temporada vivo en las tres competiciones, pero con muchas dudas y una certeza. A Kylian Mbapp\u00e9 le ha costado solo unos meses ser el gran referente del equipo y sus n\u00fameros mejoran los del primer a\u00f1o de Cristiano Ronaldo. El ascenso de la estrella francesa [&hellip;]<\/p>\n","protected":false},"author":1,"featured_media":27563,"comment_status":"","ping_status":"","sticky":false,"template":"","format":"standard","meta":{"_et_pb_use_builder":"","_et_pb_old_content":"","_et_gb_content_width":"","footnotes":""},"categories":[1],"tags":[],"class_list":["post-27562","post","type-post","status-publish","format-standard","has-post-thumbnail","hentry","category-blog","et-has-post-format-content","et_post_format-et-post-format-standard"],"_links":{"self":[{"href":"https:\/\/trayectoriadeportiva.com\/index.php\/wp-json\/wp\/v2\/posts\/27562","targetHints":{"allow":["GET"]}}],"collection":[{"href":"https:\/\/trayectoriadeportiva.com\/index.php\/wp-json\/wp\/v2\/posts"}],"about":[{"href":"https:\/\/trayectoriadeportiva.com\/index.php\/wp-json\/wp\/v2\/types\/post"}],"author":[{"embeddable":true,"href":"https:\/\/trayectoriadeportiva.com\/index.php\/wp-json\/wp\/v2\/users\/1"}],"replies":[{"embeddable":true,"href":"https:\/\/trayectoriadeportiva.com\/index.php\/wp-json\/wp\/v2\/comments?post=27562"}],"version-history":[{"count":0,"href":"https:\/\/trayectoriadeportiva.com\/index.php\/wp-json\/wp\/v2\/posts\/27562\/revisions"}],"wp:featuredmedia":[{"embeddable":true,"href":"https:\/\/trayectoriadeportiva.com\/index.php\/wp-json\/wp\/v2\/media\/27563"}],"wp:attachment":[{"href":"https:\/\/trayectoriadeportiva.com\/index.php\/wp-json\/wp\/v2\/media?parent=27562"}],"wp:term":[{"taxonomy":"category","embeddable":true,"href":"https:\/\/trayectoriadeportiva.com\/index.php\/wp-json\/wp\/v2\/categories?post=27562"},{"taxonomy":"post_tag","embeddable":true,"href":"https:\/\/trayectoriadeportiva.com\/index.php\/wp-json\/wp\/v2\/tags?post=27562"}],"curies":[{"name":"wp","href":"https:\/\/api.w.org\/{rel}","templated":true}]}}