{"id":27572,"date":"2025-04-06T22:05:00","date_gmt":"2025-04-06T22:05:00","guid":{"rendered":"https:\/\/trayectoriadeportiva.com\/index.php\/2025\/04\/06\/contra-la-euforia-ilusion\/"},"modified":"2025-04-06T22:05:00","modified_gmt":"2025-04-06T22:05:00","slug":"contra-la-euforia-ilusion","status":"publish","type":"post","link":"https:\/\/trayectoriadeportiva.com\/index.php\/2025\/04\/06\/contra-la-euforia-ilusion\/","title":{"rendered":"Contra la euforia, ilusi\u00f3n"},"content":{"rendered":"<p>El s\u00e1bado, entre las 18.30 h y las 21 h, se produjo un eclipse de emociones t\u00edpicamente cul\u00e9. Al perder el Madrid contra el Valencia, se dispar\u00f3 la euforia y, dando por hecho que ganar\u00edamos al Betis, se compartieron hip\u00f3tesis sobre el d\u00eda en el que el Bar\u00e7a ganar\u00e1 la Liga o cu\u00e1ndo el Madrid tendr\u00e1 que hacerle \u2013obsesi\u00f3n provinciana\u2013 el pasillo. Despu\u00e9s, el partido contra el Betis impuso las evidencias de la realidad. Una realidad que nos transmiti\u00f3 el esfuerzo y la determinaci\u00f3n de un Bar\u00e7a exhausto por el calendario y por la histeria de un entorno que sigue hablando de tripletes ampar\u00e1ndose en consignas tan cursis como el \u201cnos hemos ganado el derecho a so\u00f1ar\u201d.<\/p>\n<p><a href=\"https:\/\/www.lavanguardia.com\/deportes\/20250407\/10558633\/euforia-ilusion.html\">Seguir leyendo&#8230;<\/a><\/p>","protected":false},"excerpt":{"rendered":"<p>El s\u00e1bado, entre las 18.30 h y las 21 h, se produjo un eclipse de emociones t\u00edpicamente cul\u00e9. Al perder el Madrid contra el Valencia, se dispar\u00f3 la euforia y, dando por hecho que ganar\u00edamos al Betis, se compartieron hip\u00f3tesis sobre el d\u00eda en el que el Bar\u00e7a ganar\u00e1 la Liga o cu\u00e1ndo el Madrid [&hellip;]<\/p>\n","protected":false},"author":1,"featured_media":27573,"comment_status":"","ping_status":"","sticky":false,"template":"","format":"standard","meta":{"_et_pb_use_builder":"","_et_pb_old_content":"","_et_gb_content_width":"","footnotes":""},"categories":[1],"tags":[],"class_list":["post-27572","post","type-post","status-publish","format-standard","has-post-thumbnail","hentry","category-blog","et-has-post-format-content","et_post_format-et-post-format-standard"],"_links":{"self":[{"href":"https:\/\/trayectoriadeportiva.com\/index.php\/wp-json\/wp\/v2\/posts\/27572","targetHints":{"allow":["GET"]}}],"collection":[{"href":"https:\/\/trayectoriadeportiva.com\/index.php\/wp-json\/wp\/v2\/posts"}],"about":[{"href":"https:\/\/trayectoriadeportiva.com\/index.php\/wp-json\/wp\/v2\/types\/post"}],"author":[{"embeddable":true,"href":"https:\/\/trayectoriadeportiva.com\/index.php\/wp-json\/wp\/v2\/users\/1"}],"replies":[{"embeddable":true,"href":"https:\/\/trayectoriadeportiva.com\/index.php\/wp-json\/wp\/v2\/comments?post=27572"}],"version-history":[{"count":0,"href":"https:\/\/trayectoriadeportiva.com\/index.php\/wp-json\/wp\/v2\/posts\/27572\/revisions"}],"wp:featuredmedia":[{"embeddable":true,"href":"https:\/\/trayectoriadeportiva.com\/index.php\/wp-json\/wp\/v2\/media\/27573"}],"wp:attachment":[{"href":"https:\/\/trayectoriadeportiva.com\/index.php\/wp-json\/wp\/v2\/media?parent=27572"}],"wp:term":[{"taxonomy":"category","embeddable":true,"href":"https:\/\/trayectoriadeportiva.com\/index.php\/wp-json\/wp\/v2\/categories?post=27572"},{"taxonomy":"post_tag","embeddable":true,"href":"https:\/\/trayectoriadeportiva.com\/index.php\/wp-json\/wp\/v2\/tags?post=27572"}],"curies":[{"name":"wp","href":"https:\/\/api.w.org\/{rel}","templated":true}]}}