{"id":27714,"date":"2025-04-10T10:31:47","date_gmt":"2025-04-10T10:31:47","guid":{"rendered":"https:\/\/trayectoriadeportiva.com\/index.php\/2025\/04\/10\/la-diputacio-acoge-por-primera-vez-la-vuelta-femenina-con-una-etapa-que-recorrera-16-municipios-de-barcelona\/"},"modified":"2025-04-10T10:31:47","modified_gmt":"2025-04-10T10:31:47","slug":"la-diputacio-acoge-por-primera-vez-la-vuelta-femenina-con-una-etapa-que-recorrera-16-municipios-de-barcelona","status":"publish","type":"post","link":"https:\/\/trayectoriadeportiva.com\/index.php\/2025\/04\/10\/la-diputacio-acoge-por-primera-vez-la-vuelta-femenina-con-una-etapa-que-recorrera-16-municipios-de-barcelona\/","title":{"rendered":"La Diputaci\u00f3 acoge por primera vez la Vuelta Femenina con una etapa que recorrer\u00e1 16 municipios de Barcelona"},"content":{"rendered":"<p>La Diputaci\u00f3 de Barcelona present\u00f3 esta ma\u00f1ana su apoyo a La Vuelta Femenina a Espa\u00f1a 2025, que se celebrar\u00e1 entre el 4 y el 10 de mayo e incluir\u00e1 por primera vez dos etapas en la provincia de Barcelona, en un acto que cont\u00f3 con la presencia de la presidenta de la Diputaci\u00f3n de Barcelona, Llu\u00efsa Moret, el diputado de Deportes de la corporaci\u00f3n, David Escud\u00e9, del director general de Unipublic, Javier Guill\u00e9n, y de representantes municipales de los municipios participantes. La primera de estas dos etapas, la jornada inaugural, ser\u00e1 una contrarreloj por equipos que transcurrir\u00e1 por la ciudad condal. La segunda, que cuenta con el apoyo de la Diputaci\u00f3 de Barcelona, recorrer\u00e1 por primera vez 16 municipios barceloneses a lo largo de 99 kil\u00f3metros.<\/p>\n<p><a href=\"https:\/\/www.lavanguardia.com\/deportes\/ciclismo\/20250410\/10572811\/diputacio-de-barcelona-vuelta-a-espana-femenina-dos-etapa.html\">Seguir leyendo&#8230;<\/a><\/p>","protected":false},"excerpt":{"rendered":"<p>La Diputaci\u00f3 de Barcelona present\u00f3 esta ma\u00f1ana su apoyo a La Vuelta Femenina a Espa\u00f1a 2025, que se celebrar\u00e1 entre el 4 y el 10 de mayo e incluir\u00e1 por primera vez dos etapas en la provincia de Barcelona, en un acto que cont\u00f3 con la presencia de la presidenta de la Diputaci\u00f3n de Barcelona, [&hellip;]<\/p>\n","protected":false},"author":1,"featured_media":27715,"comment_status":"","ping_status":"","sticky":false,"template":"","format":"standard","meta":{"_et_pb_use_builder":"","_et_pb_old_content":"","_et_gb_content_width":"","footnotes":""},"categories":[1],"tags":[],"class_list":["post-27714","post","type-post","status-publish","format-standard","has-post-thumbnail","hentry","category-blog","et-has-post-format-content","et_post_format-et-post-format-standard"],"_links":{"self":[{"href":"https:\/\/trayectoriadeportiva.com\/index.php\/wp-json\/wp\/v2\/posts\/27714","targetHints":{"allow":["GET"]}}],"collection":[{"href":"https:\/\/trayectoriadeportiva.com\/index.php\/wp-json\/wp\/v2\/posts"}],"about":[{"href":"https:\/\/trayectoriadeportiva.com\/index.php\/wp-json\/wp\/v2\/types\/post"}],"author":[{"embeddable":true,"href":"https:\/\/trayectoriadeportiva.com\/index.php\/wp-json\/wp\/v2\/users\/1"}],"replies":[{"embeddable":true,"href":"https:\/\/trayectoriadeportiva.com\/index.php\/wp-json\/wp\/v2\/comments?post=27714"}],"version-history":[{"count":0,"href":"https:\/\/trayectoriadeportiva.com\/index.php\/wp-json\/wp\/v2\/posts\/27714\/revisions"}],"wp:featuredmedia":[{"embeddable":true,"href":"https:\/\/trayectoriadeportiva.com\/index.php\/wp-json\/wp\/v2\/media\/27715"}],"wp:attachment":[{"href":"https:\/\/trayectoriadeportiva.com\/index.php\/wp-json\/wp\/v2\/media?parent=27714"}],"wp:term":[{"taxonomy":"category","embeddable":true,"href":"https:\/\/trayectoriadeportiva.com\/index.php\/wp-json\/wp\/v2\/categories?post=27714"},{"taxonomy":"post_tag","embeddable":true,"href":"https:\/\/trayectoriadeportiva.com\/index.php\/wp-json\/wp\/v2\/tags?post=27714"}],"curies":[{"name":"wp","href":"https:\/\/api.w.org\/{rel}","templated":true}]}}