{"id":27796,"date":"2025-04-12T11:15:19","date_gmt":"2025-04-12T11:15:19","guid":{"rendered":"https:\/\/trayectoriadeportiva.com\/index.php\/2025\/04\/12\/alcaraz-afronta-el-godo-mas-duro\/"},"modified":"2025-04-12T11:15:19","modified_gmt":"2025-04-12T11:15:19","slug":"alcaraz-afronta-el-godo-mas-duro","status":"publish","type":"post","link":"https:\/\/trayectoriadeportiva.com\/index.php\/2025\/04\/12\/alcaraz-afronta-el-godo-mas-duro\/","title":{"rendered":"Alcaraz afronta el God\u00f3 m\u00e1s duro"},"content":{"rendered":"<p>El God\u00f3 m\u00e1s duro de la historia, reducido el cuadro de 48 a 32 participantes, dibuj\u00f3 este s\u00e1bado el camino hacia el t\u00edtulo. Carlos Alcaraz, primer cabeza de serie de este Barcelona Open Banc Sabadell &#8211; Trofeo Conde de God\u00f3, tendr\u00e1 que sortear obst\u00e1culos desde el inicio.<\/p>\n<p><a href=\"https:\/\/www.lavanguardia.com\/deportes\/tenis\/20250412\/10580704\/alcaraz-afronta-godo-mas-duro.html\">Seguir leyendo&#8230;<\/a><\/p>","protected":false},"excerpt":{"rendered":"<p>El God\u00f3 m\u00e1s duro de la historia, reducido el cuadro de 48 a 32 participantes, dibuj\u00f3 este s\u00e1bado el camino hacia el t\u00edtulo. Carlos Alcaraz, primer cabeza de serie de este Barcelona Open Banc Sabadell &#8211; Trofeo Conde de God\u00f3, tendr\u00e1 que sortear obst\u00e1culos desde el inicio. Seguir leyendo&#8230;<\/p>\n","protected":false},"author":1,"featured_media":27797,"comment_status":"","ping_status":"","sticky":false,"template":"","format":"standard","meta":{"_et_pb_use_builder":"","_et_pb_old_content":"","_et_gb_content_width":"","footnotes":""},"categories":[1],"tags":[],"class_list":["post-27796","post","type-post","status-publish","format-standard","has-post-thumbnail","hentry","category-blog","et-has-post-format-content","et_post_format-et-post-format-standard"],"_links":{"self":[{"href":"https:\/\/trayectoriadeportiva.com\/index.php\/wp-json\/wp\/v2\/posts\/27796","targetHints":{"allow":["GET"]}}],"collection":[{"href":"https:\/\/trayectoriadeportiva.com\/index.php\/wp-json\/wp\/v2\/posts"}],"about":[{"href":"https:\/\/trayectoriadeportiva.com\/index.php\/wp-json\/wp\/v2\/types\/post"}],"author":[{"embeddable":true,"href":"https:\/\/trayectoriadeportiva.com\/index.php\/wp-json\/wp\/v2\/users\/1"}],"replies":[{"embeddable":true,"href":"https:\/\/trayectoriadeportiva.com\/index.php\/wp-json\/wp\/v2\/comments?post=27796"}],"version-history":[{"count":0,"href":"https:\/\/trayectoriadeportiva.com\/index.php\/wp-json\/wp\/v2\/posts\/27796\/revisions"}],"wp:featuredmedia":[{"embeddable":true,"href":"https:\/\/trayectoriadeportiva.com\/index.php\/wp-json\/wp\/v2\/media\/27797"}],"wp:attachment":[{"href":"https:\/\/trayectoriadeportiva.com\/index.php\/wp-json\/wp\/v2\/media?parent=27796"}],"wp:term":[{"taxonomy":"category","embeddable":true,"href":"https:\/\/trayectoriadeportiva.com\/index.php\/wp-json\/wp\/v2\/categories?post=27796"},{"taxonomy":"post_tag","embeddable":true,"href":"https:\/\/trayectoriadeportiva.com\/index.php\/wp-json\/wp\/v2\/tags?post=27796"}],"curies":[{"name":"wp","href":"https:\/\/api.w.org\/{rel}","templated":true}]}}