{"id":27818,"date":"2025-04-12T16:00:01","date_gmt":"2025-04-12T16:00:01","guid":{"rendered":"https:\/\/trayectoriadeportiva.com\/index.php\/2025\/04\/12\/almeida-no-regala-nada-y-se-desprende-de-su-sambenito-de-segundon\/"},"modified":"2025-04-12T16:00:01","modified_gmt":"2025-04-12T16:00:01","slug":"almeida-no-regala-nada-y-se-desprende-de-su-sambenito-de-segundon","status":"publish","type":"post","link":"https:\/\/trayectoriadeportiva.com\/index.php\/2025\/04\/12\/almeida-no-regala-nada-y-se-desprende-de-su-sambenito-de-segundon\/","title":{"rendered":"Almeida no regala nada y se desprende de su sambenito de segund\u00f3n"},"content":{"rendered":"<p>Hay ciclistas tocados por una varita y que parecen tener todas las llaves para abrirse la gloria. En cambio,  hay otros a los, por mucho que llaman a la puerta, les cuesta la vida que les dejen entrar. Algunos corredores nacen con aura de ganadores y otros no pueden sacarse la etiqueta de segundo pese a ir sobrados de clase. A Jo\u00e3o Almeida, uno de los  m\u00e1s regulares del pelot\u00f3n, que fue capaz de quedar cuarto en el \u00faltimo Tour pese a trabajar y ser uno de los hombres de confianza de Tadej Pogacar, le costaba rematar su trabajo. En la Itzulia se quit\u00f3 por fin ese sambenito. Esta vez no fall\u00f3. El portugu\u00e9s se llev\u00f3 la \u00faltima etapa (ya hab\u00eda ganado la cuarta) y se impuso en la Vuelta al Pa\u00eds Vasco.<\/p>\n<p><a href=\"https:\/\/www.lavanguardia.com\/deportes\/ciclismo\/20250412\/10581164\/almeida-regala-desprende-sambenito-segundon.html\">Seguir leyendo&#8230;<\/a><\/p>","protected":false},"excerpt":{"rendered":"<p>Hay ciclistas tocados por una varita y que parecen tener todas las llaves para abrirse la gloria. En cambio, hay otros a los, por mucho que llaman a la puerta, les cuesta la vida que les dejen entrar. Algunos corredores nacen con aura de ganadores y otros no pueden sacarse la etiqueta de segundo pese [&hellip;]<\/p>\n","protected":false},"author":1,"featured_media":27819,"comment_status":"","ping_status":"","sticky":false,"template":"","format":"standard","meta":{"_et_pb_use_builder":"","_et_pb_old_content":"","_et_gb_content_width":"","footnotes":""},"categories":[1],"tags":[],"class_list":["post-27818","post","type-post","status-publish","format-standard","has-post-thumbnail","hentry","category-blog","et-has-post-format-content","et_post_format-et-post-format-standard"],"_links":{"self":[{"href":"https:\/\/trayectoriadeportiva.com\/index.php\/wp-json\/wp\/v2\/posts\/27818","targetHints":{"allow":["GET"]}}],"collection":[{"href":"https:\/\/trayectoriadeportiva.com\/index.php\/wp-json\/wp\/v2\/posts"}],"about":[{"href":"https:\/\/trayectoriadeportiva.com\/index.php\/wp-json\/wp\/v2\/types\/post"}],"author":[{"embeddable":true,"href":"https:\/\/trayectoriadeportiva.com\/index.php\/wp-json\/wp\/v2\/users\/1"}],"replies":[{"embeddable":true,"href":"https:\/\/trayectoriadeportiva.com\/index.php\/wp-json\/wp\/v2\/comments?post=27818"}],"version-history":[{"count":0,"href":"https:\/\/trayectoriadeportiva.com\/index.php\/wp-json\/wp\/v2\/posts\/27818\/revisions"}],"wp:featuredmedia":[{"embeddable":true,"href":"https:\/\/trayectoriadeportiva.com\/index.php\/wp-json\/wp\/v2\/media\/27819"}],"wp:attachment":[{"href":"https:\/\/trayectoriadeportiva.com\/index.php\/wp-json\/wp\/v2\/media?parent=27818"}],"wp:term":[{"taxonomy":"category","embeddable":true,"href":"https:\/\/trayectoriadeportiva.com\/index.php\/wp-json\/wp\/v2\/categories?post=27818"},{"taxonomy":"post_tag","embeddable":true,"href":"https:\/\/trayectoriadeportiva.com\/index.php\/wp-json\/wp\/v2\/tags?post=27818"}],"curies":[{"name":"wp","href":"https:\/\/api.w.org\/{rel}","templated":true}]}}