{"id":27848,"date":"2025-04-12T21:08:56","date_gmt":"2025-04-12T21:08:56","guid":{"rendered":"https:\/\/trayectoriadeportiva.com\/index.php\/2025\/04\/12\/tania-alvarez-ya-es-la-tricampeona-de-europa-mas-joven-al-retener-el-titulo-del-peso-supergallo\/"},"modified":"2025-04-12T21:08:56","modified_gmt":"2025-04-12T21:08:56","slug":"tania-alvarez-ya-es-la-tricampeona-de-europa-mas-joven-al-retener-el-titulo-del-peso-supergallo","status":"publish","type":"post","link":"https:\/\/trayectoriadeportiva.com\/index.php\/2025\/04\/12\/tania-alvarez-ya-es-la-tricampeona-de-europa-mas-joven-al-retener-el-titulo-del-peso-supergallo\/","title":{"rendered":"Tania \u00c1lvarez ya es la tricampeona de Europa m\u00e1s joven al retener el t\u00edtulo del peso supergallo"},"content":{"rendered":"<p>Poco o nada ten\u00eda que envidiar el modesto Casal Cultural i Recreatiu de Castellbisbal al majestuoso Madison Square Garden. La pasi\u00f3n pugilista en la peque\u00f1a poblaci\u00f3n del Vall\u00e8s Occidental se desbord\u00f3 por tercera vez para llevar en volandas a Tania La violencia \u00c1lvarez, de 23 a\u00f1os, a revalidar el t\u00edtulo de campeona de Europa del peso supergallo del EBU (menos de 55,38 kg). De modo que la de Sant Esteve Sesrovires ya puede presumir de ser la m\u00e1s joven boxeadora tricampeona de Europa, tras vencer a los puntos a la brit\u00e1nica Katie Healy.<\/p>\n<p><a href=\"https:\/\/www.lavanguardia.com\/deportes\/20250412\/10581490\/boxeo-tania-alvarez-peso-supergallo-campeonato-europa-castellbisbal-mas-joven-campeona.html\">Seguir leyendo&#8230;<\/a><\/p>","protected":false},"excerpt":{"rendered":"<p>Poco o nada ten\u00eda que envidiar el modesto Casal Cultural i Recreatiu de Castellbisbal al majestuoso Madison Square Garden. La pasi\u00f3n pugilista en la peque\u00f1a poblaci\u00f3n del Vall\u00e8s Occidental se desbord\u00f3 por tercera vez para llevar en volandas a Tania La violencia \u00c1lvarez, de 23 a\u00f1os, a revalidar el t\u00edtulo de campeona de Europa del [&hellip;]<\/p>\n","protected":false},"author":1,"featured_media":27849,"comment_status":"","ping_status":"","sticky":false,"template":"","format":"standard","meta":{"_et_pb_use_builder":"","_et_pb_old_content":"","_et_gb_content_width":"","footnotes":""},"categories":[1],"tags":[],"class_list":["post-27848","post","type-post","status-publish","format-standard","has-post-thumbnail","hentry","category-blog","et-has-post-format-content","et_post_format-et-post-format-standard"],"_links":{"self":[{"href":"https:\/\/trayectoriadeportiva.com\/index.php\/wp-json\/wp\/v2\/posts\/27848","targetHints":{"allow":["GET"]}}],"collection":[{"href":"https:\/\/trayectoriadeportiva.com\/index.php\/wp-json\/wp\/v2\/posts"}],"about":[{"href":"https:\/\/trayectoriadeportiva.com\/index.php\/wp-json\/wp\/v2\/types\/post"}],"author":[{"embeddable":true,"href":"https:\/\/trayectoriadeportiva.com\/index.php\/wp-json\/wp\/v2\/users\/1"}],"replies":[{"embeddable":true,"href":"https:\/\/trayectoriadeportiva.com\/index.php\/wp-json\/wp\/v2\/comments?post=27848"}],"version-history":[{"count":0,"href":"https:\/\/trayectoriadeportiva.com\/index.php\/wp-json\/wp\/v2\/posts\/27848\/revisions"}],"wp:featuredmedia":[{"embeddable":true,"href":"https:\/\/trayectoriadeportiva.com\/index.php\/wp-json\/wp\/v2\/media\/27849"}],"wp:attachment":[{"href":"https:\/\/trayectoriadeportiva.com\/index.php\/wp-json\/wp\/v2\/media?parent=27848"}],"wp:term":[{"taxonomy":"category","embeddable":true,"href":"https:\/\/trayectoriadeportiva.com\/index.php\/wp-json\/wp\/v2\/categories?post=27848"},{"taxonomy":"post_tag","embeddable":true,"href":"https:\/\/trayectoriadeportiva.com\/index.php\/wp-json\/wp\/v2\/tags?post=27848"}],"curies":[{"name":"wp","href":"https:\/\/api.w.org\/{rel}","templated":true}]}}