{"id":2791,"date":"2023-11-16T16:42:49","date_gmt":"2023-11-16T16:42:49","guid":{"rendered":"https:\/\/trayectoriadeportiva.com\/index.php\/2023\/11\/16\/yeremi-pino-se-perdera-toda-la-temporada-por-lesion\/"},"modified":"2023-11-16T16:42:49","modified_gmt":"2023-11-16T16:42:49","slug":"yeremi-pino-se-perdera-toda-la-temporada-por-lesion","status":"publish","type":"post","link":"https:\/\/trayectoriadeportiva.com\/index.php\/2023\/11\/16\/yeremi-pino-se-perdera-toda-la-temporada-por-lesion\/","title":{"rendered":"Yeremi Pino se perder\u00e1 toda la temporada por lesi\u00f3n"},"content":{"rendered":"<p>Yeremi Pino (21 a\u00f1os) se tuvo que retirar de la sesi\u00f3n de entrenamiento del mi\u00e9rcoles por un golpe en la rodilla. En principio no parec\u00eda nada grave, pero el Villarreal ha confirmado que el canario se ha roto el ligamento cruzado anterior de la rodilla izquierda y tendr\u00e1 que ser operado.<\/p>\n<p><a href=\"https:\/\/www.lavanguardia.com\/deportes\/futbol\/20231116\/9383778\/yeremi-pino-perdera-toda-temporada-ligamentos-lesion-villareal-espana-internacional-quirofano-roto-cruzado.html\">Seguir leyendo&#8230;<\/a><\/p>","protected":false},"excerpt":{"rendered":"<p>Yeremi Pino (21 a\u00f1os) se tuvo que retirar de la sesi\u00f3n de entrenamiento del mi\u00e9rcoles por un golpe en la rodilla. En principio no parec\u00eda nada grave, pero el Villarreal ha confirmado que el canario se ha roto el ligamento cruzado anterior de la rodilla izquierda y tendr\u00e1 que ser operado. Seguir leyendo&#8230;<\/p>\n","protected":false},"author":0,"featured_media":2792,"comment_status":"","ping_status":"","sticky":false,"template":"","format":"standard","meta":{"_et_pb_use_builder":"","_et_pb_old_content":"","_et_gb_content_width":"","footnotes":""},"categories":[1],"tags":[],"class_list":["post-2791","post","type-post","status-publish","format-standard","has-post-thumbnail","hentry","category-blog","et-has-post-format-content","et_post_format-et-post-format-standard"],"_links":{"self":[{"href":"https:\/\/trayectoriadeportiva.com\/index.php\/wp-json\/wp\/v2\/posts\/2791","targetHints":{"allow":["GET"]}}],"collection":[{"href":"https:\/\/trayectoriadeportiva.com\/index.php\/wp-json\/wp\/v2\/posts"}],"about":[{"href":"https:\/\/trayectoriadeportiva.com\/index.php\/wp-json\/wp\/v2\/types\/post"}],"replies":[{"embeddable":true,"href":"https:\/\/trayectoriadeportiva.com\/index.php\/wp-json\/wp\/v2\/comments?post=2791"}],"version-history":[{"count":0,"href":"https:\/\/trayectoriadeportiva.com\/index.php\/wp-json\/wp\/v2\/posts\/2791\/revisions"}],"wp:featuredmedia":[{"embeddable":true,"href":"https:\/\/trayectoriadeportiva.com\/index.php\/wp-json\/wp\/v2\/media\/2792"}],"wp:attachment":[{"href":"https:\/\/trayectoriadeportiva.com\/index.php\/wp-json\/wp\/v2\/media?parent=2791"}],"wp:term":[{"taxonomy":"category","embeddable":true,"href":"https:\/\/trayectoriadeportiva.com\/index.php\/wp-json\/wp\/v2\/categories?post=2791"},{"taxonomy":"post_tag","embeddable":true,"href":"https:\/\/trayectoriadeportiva.com\/index.php\/wp-json\/wp\/v2\/tags?post=2791"}],"curies":[{"name":"wp","href":"https:\/\/api.w.org\/{rel}","templated":true}]}}