{"id":2793,"date":"2023-11-16T16:17:20","date_gmt":"2023-11-16T16:17:20","guid":{"rendered":"https:\/\/trayectoriadeportiva.com\/index.php\/2023\/11\/16\/grimaldo-debuta-como-titular-en-un-once-con-lamine-yamal\/"},"modified":"2023-11-16T16:17:20","modified_gmt":"2023-11-16T16:17:20","slug":"grimaldo-debuta-como-titular-en-un-once-con-lamine-yamal","status":"publish","type":"post","link":"https:\/\/trayectoriadeportiva.com\/index.php\/2023\/11\/16\/grimaldo-debuta-como-titular-en-un-once-con-lamine-yamal\/","title":{"rendered":"Grimaldo debuta como titular en un once con Lamine Yamal"},"content":{"rendered":"<p>\u00a0Alejandro Grimaldo debuta como internacional con la selecci\u00f3n espa\u00f1ola como titular, en el encuentro en Limasol ante Chipre de la pen\u00faltima jornada de la fase de clasificaci\u00f3n a la Eurocopa 2024, que aprovecha Luis de la Fuente para realizar rotaciones masivas.<\/p>\n<p><a href=\"https:\/\/www.lavanguardia.com\/deportes\/futbol\/20231116\/9383798\/grimaldo-lamine-yamal-titular-espana-chipre.html\">Seguir leyendo&#8230;<\/a><\/p>","protected":false},"excerpt":{"rendered":"<p>\u00a0Alejandro Grimaldo debuta como internacional con la selecci\u00f3n espa\u00f1ola como titular, en el encuentro en Limasol ante Chipre de la pen\u00faltima jornada de la fase de clasificaci\u00f3n a la Eurocopa 2024, que aprovecha Luis de la Fuente para realizar rotaciones masivas. Seguir leyendo&#8230;<\/p>\n","protected":false},"author":0,"featured_media":2794,"comment_status":"","ping_status":"","sticky":false,"template":"","format":"standard","meta":{"_et_pb_use_builder":"","_et_pb_old_content":"","_et_gb_content_width":"","footnotes":""},"categories":[1],"tags":[],"class_list":["post-2793","post","type-post","status-publish","format-standard","has-post-thumbnail","hentry","category-blog","et-has-post-format-content","et_post_format-et-post-format-standard"],"_links":{"self":[{"href":"https:\/\/trayectoriadeportiva.com\/index.php\/wp-json\/wp\/v2\/posts\/2793","targetHints":{"allow":["GET"]}}],"collection":[{"href":"https:\/\/trayectoriadeportiva.com\/index.php\/wp-json\/wp\/v2\/posts"}],"about":[{"href":"https:\/\/trayectoriadeportiva.com\/index.php\/wp-json\/wp\/v2\/types\/post"}],"replies":[{"embeddable":true,"href":"https:\/\/trayectoriadeportiva.com\/index.php\/wp-json\/wp\/v2\/comments?post=2793"}],"version-history":[{"count":0,"href":"https:\/\/trayectoriadeportiva.com\/index.php\/wp-json\/wp\/v2\/posts\/2793\/revisions"}],"wp:featuredmedia":[{"embeddable":true,"href":"https:\/\/trayectoriadeportiva.com\/index.php\/wp-json\/wp\/v2\/media\/2794"}],"wp:attachment":[{"href":"https:\/\/trayectoriadeportiva.com\/index.php\/wp-json\/wp\/v2\/media?parent=2793"}],"wp:term":[{"taxonomy":"category","embeddable":true,"href":"https:\/\/trayectoriadeportiva.com\/index.php\/wp-json\/wp\/v2\/categories?post=2793"},{"taxonomy":"post_tag","embeddable":true,"href":"https:\/\/trayectoriadeportiva.com\/index.php\/wp-json\/wp\/v2\/tags?post=2793"}],"curies":[{"name":"wp","href":"https:\/\/api.w.org\/{rel}","templated":true}]}}