{"id":28022,"date":"2025-04-15T18:00:39","date_gmt":"2025-04-15T18:00:39","guid":{"rendered":"https:\/\/trayectoriadeportiva.com\/index.php\/2025\/04\/15\/flick-da-descanso-a-pedri-en-dortmund\/"},"modified":"2025-04-15T18:00:39","modified_gmt":"2025-04-15T18:00:39","slug":"flick-da-descanso-a-pedri-en-dortmund","status":"publish","type":"post","link":"https:\/\/trayectoriadeportiva.com\/index.php\/2025\/04\/15\/flick-da-descanso-a-pedri-en-dortmund\/","title":{"rendered":"Flick da descanso a Pedri en Dortmund"},"content":{"rendered":"<p>Pedri llevaba 3.798 minutos en sus botas esta temporada. Cifra que se traduce en 48 partidos disputados esta temporada con 40 titularidades consecutivas. Al fin, en Dortmund, el canario empieza la vuelta de los cuartos de final de la Champions desde el banquillo. En su lugar, Flick conf\u00eda en Gavi. Completar\u00e1n el centro del campo barcelonista Frenkie de Jong y Ferm\u00edn en la mediapunta.<\/p>\n<p><a href=\"https:\/\/www.lavanguardia.com\/deportes\/fc-barcelona\/20250415\/10590120\/flick-da-descanso-pedri-dortmund-vuelta-cuartos-de-final-champions-borussia-dortmund.html\">Seguir leyendo&#8230;<\/a><\/p>","protected":false},"excerpt":{"rendered":"<p>Pedri llevaba 3.798 minutos en sus botas esta temporada. Cifra que se traduce en 48 partidos disputados esta temporada con 40 titularidades consecutivas. Al fin, en Dortmund, el canario empieza la vuelta de los cuartos de final de la Champions desde el banquillo. En su lugar, Flick conf\u00eda en Gavi. Completar\u00e1n el centro del campo [&hellip;]<\/p>\n","protected":false},"author":1,"featured_media":28023,"comment_status":"","ping_status":"","sticky":false,"template":"","format":"standard","meta":{"_et_pb_use_builder":"","_et_pb_old_content":"","_et_gb_content_width":"","footnotes":""},"categories":[1],"tags":[],"class_list":["post-28022","post","type-post","status-publish","format-standard","has-post-thumbnail","hentry","category-blog","et-has-post-format-content","et_post_format-et-post-format-standard"],"_links":{"self":[{"href":"https:\/\/trayectoriadeportiva.com\/index.php\/wp-json\/wp\/v2\/posts\/28022","targetHints":{"allow":["GET"]}}],"collection":[{"href":"https:\/\/trayectoriadeportiva.com\/index.php\/wp-json\/wp\/v2\/posts"}],"about":[{"href":"https:\/\/trayectoriadeportiva.com\/index.php\/wp-json\/wp\/v2\/types\/post"}],"author":[{"embeddable":true,"href":"https:\/\/trayectoriadeportiva.com\/index.php\/wp-json\/wp\/v2\/users\/1"}],"replies":[{"embeddable":true,"href":"https:\/\/trayectoriadeportiva.com\/index.php\/wp-json\/wp\/v2\/comments?post=28022"}],"version-history":[{"count":0,"href":"https:\/\/trayectoriadeportiva.com\/index.php\/wp-json\/wp\/v2\/posts\/28022\/revisions"}],"wp:featuredmedia":[{"embeddable":true,"href":"https:\/\/trayectoriadeportiva.com\/index.php\/wp-json\/wp\/v2\/media\/28023"}],"wp:attachment":[{"href":"https:\/\/trayectoriadeportiva.com\/index.php\/wp-json\/wp\/v2\/media?parent=28022"}],"wp:term":[{"taxonomy":"category","embeddable":true,"href":"https:\/\/trayectoriadeportiva.com\/index.php\/wp-json\/wp\/v2\/categories?post=28022"},{"taxonomy":"post_tag","embeddable":true,"href":"https:\/\/trayectoriadeportiva.com\/index.php\/wp-json\/wp\/v2\/tags?post=28022"}],"curies":[{"name":"wp","href":"https:\/\/api.w.org\/{rel}","templated":true}]}}