{"id":28078,"date":"2025-04-16T21:13:55","date_gmt":"2025-04-16T21:13:55","guid":{"rendered":"https:\/\/trayectoriadeportiva.com\/index.php\/2025\/04\/16\/sin-futbol-no-hay-remontada-posible\/"},"modified":"2025-04-16T21:13:55","modified_gmt":"2025-04-16T21:13:55","slug":"sin-futbol-no-hay-remontada-posible","status":"publish","type":"post","link":"https:\/\/trayectoriadeportiva.com\/index.php\/2025\/04\/16\/sin-futbol-no-hay-remontada-posible\/","title":{"rendered":"Sin f\u00fatbol, no hay remontada posible"},"content":{"rendered":"<p>La decimosexta deber\u00e1 esperar. No ser\u00e1 esta temporada. El 3-0 de la ida result\u00f3 una desventaja demasiado importante para este Madrid con m\u00e1s sombras que luces y que no acaba de cuajar en gran equipo pese a la presencia de futbolistas tan desequilibrantes como Mbapp\u00e9, Vin\u00edcius y Bellingham. El Madrid buscaba un milagro y se llev\u00f3 otra derrota, esta por la m\u00ednima y con un gol en el a\u00f1adido.<\/p>\n<p><a href=\"https:\/\/www.lavanguardia.com\/deportes\/real-madrid\/20250416\/10593791\/futbol-hay-remontada-posible.html\">Seguir leyendo&#8230;<\/a><\/p>","protected":false},"excerpt":{"rendered":"<p>La decimosexta deber\u00e1 esperar. No ser\u00e1 esta temporada. El 3-0 de la ida result\u00f3 una desventaja demasiado importante para este Madrid con m\u00e1s sombras que luces y que no acaba de cuajar en gran equipo pese a la presencia de futbolistas tan desequilibrantes como Mbapp\u00e9, Vin\u00edcius y Bellingham. El Madrid buscaba un milagro y se [&hellip;]<\/p>\n","protected":false},"author":1,"featured_media":28079,"comment_status":"","ping_status":"","sticky":false,"template":"","format":"standard","meta":{"_et_pb_use_builder":"","_et_pb_old_content":"","_et_gb_content_width":"","footnotes":""},"categories":[1],"tags":[],"class_list":["post-28078","post","type-post","status-publish","format-standard","has-post-thumbnail","hentry","category-blog","et-has-post-format-content","et_post_format-et-post-format-standard"],"_links":{"self":[{"href":"https:\/\/trayectoriadeportiva.com\/index.php\/wp-json\/wp\/v2\/posts\/28078","targetHints":{"allow":["GET"]}}],"collection":[{"href":"https:\/\/trayectoriadeportiva.com\/index.php\/wp-json\/wp\/v2\/posts"}],"about":[{"href":"https:\/\/trayectoriadeportiva.com\/index.php\/wp-json\/wp\/v2\/types\/post"}],"author":[{"embeddable":true,"href":"https:\/\/trayectoriadeportiva.com\/index.php\/wp-json\/wp\/v2\/users\/1"}],"replies":[{"embeddable":true,"href":"https:\/\/trayectoriadeportiva.com\/index.php\/wp-json\/wp\/v2\/comments?post=28078"}],"version-history":[{"count":0,"href":"https:\/\/trayectoriadeportiva.com\/index.php\/wp-json\/wp\/v2\/posts\/28078\/revisions"}],"wp:featuredmedia":[{"embeddable":true,"href":"https:\/\/trayectoriadeportiva.com\/index.php\/wp-json\/wp\/v2\/media\/28079"}],"wp:attachment":[{"href":"https:\/\/trayectoriadeportiva.com\/index.php\/wp-json\/wp\/v2\/media?parent=28078"}],"wp:term":[{"taxonomy":"category","embeddable":true,"href":"https:\/\/trayectoriadeportiva.com\/index.php\/wp-json\/wp\/v2\/categories?post=28078"},{"taxonomy":"post_tag","embeddable":true,"href":"https:\/\/trayectoriadeportiva.com\/index.php\/wp-json\/wp\/v2\/tags?post=28078"}],"curies":[{"name":"wp","href":"https:\/\/api.w.org\/{rel}","templated":true}]}}