{"id":28146,"date":"2025-04-18T12:05:08","date_gmt":"2025-04-18T12:05:08","guid":{"rendered":"https:\/\/trayectoriadeportiva.com\/index.php\/2025\/04\/18\/flick-critica-el-calendario-y-manda-un-mensaje-a-tebas-los-que-deciden-no-tienen-ni-idea\/"},"modified":"2025-04-18T12:05:08","modified_gmt":"2025-04-18T12:05:08","slug":"flick-critica-el-calendario-y-manda-un-mensaje-a-tebas-los-que-deciden-no-tienen-ni-idea","status":"publish","type":"post","link":"https:\/\/trayectoriadeportiva.com\/index.php\/2025\/04\/18\/flick-critica-el-calendario-y-manda-un-mensaje-a-tebas-los-que-deciden-no-tienen-ni-idea\/","title":{"rendered":"Flick critica el calendario y manda un mensaje a Tebas: \u201cLos que deciden no tienen ni idea\u201d"},"content":{"rendered":"<p>Hansi Flick ha mostrado p\u00fablicamente su enfado con LaLiga y ha mandado varios dardos a su presidente, Javier Tebas, por c\u00f3mo la competici\u00f3n gestiona el calendario de los clubs que disputan competiciones europeas, b\u00e1sicamente por su poca flexibilidad. En la rueda de prensa previa al partido contra el Celta del s\u00e1bado (16.15h), el entrenador del Bar\u00e7a ha lamentado que \u201cno se proteja\u201d a los representantes espa\u00f1oles, a diferencia de lo que \u201cs\u00ed sucede en otras ligas\u201d.<\/p>\n<p><a href=\"https:\/\/www.lavanguardia.com\/deportes\/fc-barcelona\/20250418\/10597007\/flick-critica-calendario-laliga-manda-mensaje-tebas-deciden-idea.html\">Seguir leyendo&#8230;<\/a><\/p>","protected":false},"excerpt":{"rendered":"<p>Hansi Flick ha mostrado p\u00fablicamente su enfado con LaLiga y ha mandado varios dardos a su presidente, Javier Tebas, por c\u00f3mo la competici\u00f3n gestiona el calendario de los clubs que disputan competiciones europeas, b\u00e1sicamente por su poca flexibilidad. En la rueda de prensa previa al partido contra el Celta del s\u00e1bado (16.15h), el entrenador del [&hellip;]<\/p>\n","protected":false},"author":1,"featured_media":28147,"comment_status":"","ping_status":"","sticky":false,"template":"","format":"standard","meta":{"_et_pb_use_builder":"","_et_pb_old_content":"","_et_gb_content_width":"","footnotes":""},"categories":[1],"tags":[],"class_list":["post-28146","post","type-post","status-publish","format-standard","has-post-thumbnail","hentry","category-blog","et-has-post-format-content","et_post_format-et-post-format-standard"],"_links":{"self":[{"href":"https:\/\/trayectoriadeportiva.com\/index.php\/wp-json\/wp\/v2\/posts\/28146","targetHints":{"allow":["GET"]}}],"collection":[{"href":"https:\/\/trayectoriadeportiva.com\/index.php\/wp-json\/wp\/v2\/posts"}],"about":[{"href":"https:\/\/trayectoriadeportiva.com\/index.php\/wp-json\/wp\/v2\/types\/post"}],"author":[{"embeddable":true,"href":"https:\/\/trayectoriadeportiva.com\/index.php\/wp-json\/wp\/v2\/users\/1"}],"replies":[{"embeddable":true,"href":"https:\/\/trayectoriadeportiva.com\/index.php\/wp-json\/wp\/v2\/comments?post=28146"}],"version-history":[{"count":0,"href":"https:\/\/trayectoriadeportiva.com\/index.php\/wp-json\/wp\/v2\/posts\/28146\/revisions"}],"wp:featuredmedia":[{"embeddable":true,"href":"https:\/\/trayectoriadeportiva.com\/index.php\/wp-json\/wp\/v2\/media\/28147"}],"wp:attachment":[{"href":"https:\/\/trayectoriadeportiva.com\/index.php\/wp-json\/wp\/v2\/media?parent=28146"}],"wp:term":[{"taxonomy":"category","embeddable":true,"href":"https:\/\/trayectoriadeportiva.com\/index.php\/wp-json\/wp\/v2\/categories?post=28146"},{"taxonomy":"post_tag","embeddable":true,"href":"https:\/\/trayectoriadeportiva.com\/index.php\/wp-json\/wp\/v2\/tags?post=28146"}],"curies":[{"name":"wp","href":"https:\/\/api.w.org\/{rel}","templated":true}]}}