{"id":28154,"date":"2025-04-18T16:52:32","date_gmt":"2025-04-18T16:52:32","guid":{"rendered":"https:\/\/trayectoriadeportiva.com\/index.php\/2025\/04\/18\/la-euroliga-se-olvida-del-barca-a-la-hora-de-elegir-a-los-mejores-del-ano\/"},"modified":"2025-04-18T16:52:32","modified_gmt":"2025-04-18T16:52:32","slug":"la-euroliga-se-olvida-del-barca-a-la-hora-de-elegir-a-los-mejores-del-ano","status":"publish","type":"post","link":"https:\/\/trayectoriadeportiva.com\/index.php\/2025\/04\/18\/la-euroliga-se-olvida-del-barca-a-la-hora-de-elegir-a-los-mejores-del-ano\/","title":{"rendered":"La Euroliga se olvida del Bar\u00e7a a la hora de elegir a los mejores del a\u00f1o"},"content":{"rendered":"<p>A pesar de sus irregularidades y tiros en el pie, el FC Barcelona termin\u00f3 la Euroliga en una notable quinta posici\u00f3n, que le ha ahorrado el <i>play-in<\/i> \u2014el <a href=\"https:\/\/www.lavanguardia.com\/local\/madrid\/20250415\/10590375\/real-madrid-condena-final-mas-agenciaslv20250415.html\">Madrid<\/a> no puede decir lo mismo\u2014 y le ha permitido un cruce, a priori asequible, contra el M\u00f3naco, cuarto en la temporada regular, por una plaza en la Final Four de Abu Dhabi, que se disputa entre el 23 y 25 de mayo.<\/p>\n<p><a href=\"https:\/\/www.lavanguardia.com\/deportes\/baloncesto\/20250418\/10597388\/euroliga-olvida-barca-hora-elegir-mejores-ano.html\">Seguir leyendo&#8230;<\/a><\/p>","protected":false},"excerpt":{"rendered":"<p>A pesar de sus irregularidades y tiros en el pie, el FC Barcelona termin\u00f3 la Euroliga en una notable quinta posici\u00f3n, que le ha ahorrado el play-in \u2014el Madrid no puede decir lo mismo\u2014 y le ha permitido un cruce, a priori asequible, contra el M\u00f3naco, cuarto en la temporada regular, por una plaza en [&hellip;]<\/p>\n","protected":false},"author":1,"featured_media":28155,"comment_status":"","ping_status":"","sticky":false,"template":"","format":"standard","meta":{"_et_pb_use_builder":"","_et_pb_old_content":"","_et_gb_content_width":"","footnotes":""},"categories":[1],"tags":[],"class_list":["post-28154","post","type-post","status-publish","format-standard","has-post-thumbnail","hentry","category-blog","et-has-post-format-content","et_post_format-et-post-format-standard"],"_links":{"self":[{"href":"https:\/\/trayectoriadeportiva.com\/index.php\/wp-json\/wp\/v2\/posts\/28154","targetHints":{"allow":["GET"]}}],"collection":[{"href":"https:\/\/trayectoriadeportiva.com\/index.php\/wp-json\/wp\/v2\/posts"}],"about":[{"href":"https:\/\/trayectoriadeportiva.com\/index.php\/wp-json\/wp\/v2\/types\/post"}],"author":[{"embeddable":true,"href":"https:\/\/trayectoriadeportiva.com\/index.php\/wp-json\/wp\/v2\/users\/1"}],"replies":[{"embeddable":true,"href":"https:\/\/trayectoriadeportiva.com\/index.php\/wp-json\/wp\/v2\/comments?post=28154"}],"version-history":[{"count":0,"href":"https:\/\/trayectoriadeportiva.com\/index.php\/wp-json\/wp\/v2\/posts\/28154\/revisions"}],"wp:featuredmedia":[{"embeddable":true,"href":"https:\/\/trayectoriadeportiva.com\/index.php\/wp-json\/wp\/v2\/media\/28155"}],"wp:attachment":[{"href":"https:\/\/trayectoriadeportiva.com\/index.php\/wp-json\/wp\/v2\/media?parent=28154"}],"wp:term":[{"taxonomy":"category","embeddable":true,"href":"https:\/\/trayectoriadeportiva.com\/index.php\/wp-json\/wp\/v2\/categories?post=28154"},{"taxonomy":"post_tag","embeddable":true,"href":"https:\/\/trayectoriadeportiva.com\/index.php\/wp-json\/wp\/v2\/tags?post=28154"}],"curies":[{"name":"wp","href":"https:\/\/api.w.org\/{rel}","templated":true}]}}