{"id":28218,"date":"2025-04-19T17:57:35","date_gmt":"2025-04-19T17:57:35","guid":{"rendered":"https:\/\/trayectoriadeportiva.com\/index.php\/2025\/04\/19\/asi-se-remonta\/"},"modified":"2025-04-19T17:57:35","modified_gmt":"2025-04-19T17:57:35","slug":"asi-se-remonta","status":"publish","type":"post","link":"https:\/\/trayectoriadeportiva.com\/index.php\/2025\/04\/19\/asi-se-remonta\/","title":{"rendered":"As\u00ed se remonta"},"content":{"rendered":"<p>La estampa del verde de Montju\u00efc cuando Melero L\u00f3pez pit\u00f3 el final del partido, m\u00e1s de 100 minutos despu\u00e9s de que Bar\u00e7a y Celta empezaran el combate, se asemej\u00f3 m\u00e1s al de una final que al de un simple partido de Liga. Jugadores estirados sobre el c\u00e9sped, entre agotados y euf\u00f3ricos. Otros, brazos en alto, celebrando una victoria que sabe a mucho m\u00e1s que los tres puntos. Y Hansi Flick, el jefe de todo, con una sonrisa que no le cab\u00eda en el rostro, saliendo escopeteado hacia Raphinha, embocador del penalti decisivo, y abraz\u00e1ndole con la misma efusividad que aplicar\u00eda con su propio hijo. Aunque la estampa m\u00e1s espectacular la fabric\u00f3 I\u00f1igo Mart\u00ednez celebrando el 4-3 del brasile\u00f1o, agarrando el bander\u00edn del c\u00f3rner, mirando a la grada y abriendo los brazos, emulando a Gerard Butler en el p\u00f3ster de <i>300<\/i>.<\/p>\n<p><a href=\"https:\/\/www.lavanguardia.com\/deportes\/fc-barcelona\/20250419\/10598894\/barca-celta-remontada-contracronica.html\">Seguir leyendo&#8230;<\/a><\/p>","protected":false},"excerpt":{"rendered":"<p>La estampa del verde de Montju\u00efc cuando Melero L\u00f3pez pit\u00f3 el final del partido, m\u00e1s de 100 minutos despu\u00e9s de que Bar\u00e7a y Celta empezaran el combate, se asemej\u00f3 m\u00e1s al de una final que al de un simple partido de Liga. Jugadores estirados sobre el c\u00e9sped, entre agotados y euf\u00f3ricos. Otros, brazos en alto, [&hellip;]<\/p>\n","protected":false},"author":1,"featured_media":28219,"comment_status":"","ping_status":"","sticky":false,"template":"","format":"standard","meta":{"_et_pb_use_builder":"","_et_pb_old_content":"","_et_gb_content_width":"","footnotes":""},"categories":[1],"tags":[],"class_list":["post-28218","post","type-post","status-publish","format-standard","has-post-thumbnail","hentry","category-blog","et-has-post-format-content","et_post_format-et-post-format-standard"],"_links":{"self":[{"href":"https:\/\/trayectoriadeportiva.com\/index.php\/wp-json\/wp\/v2\/posts\/28218","targetHints":{"allow":["GET"]}}],"collection":[{"href":"https:\/\/trayectoriadeportiva.com\/index.php\/wp-json\/wp\/v2\/posts"}],"about":[{"href":"https:\/\/trayectoriadeportiva.com\/index.php\/wp-json\/wp\/v2\/types\/post"}],"author":[{"embeddable":true,"href":"https:\/\/trayectoriadeportiva.com\/index.php\/wp-json\/wp\/v2\/users\/1"}],"replies":[{"embeddable":true,"href":"https:\/\/trayectoriadeportiva.com\/index.php\/wp-json\/wp\/v2\/comments?post=28218"}],"version-history":[{"count":0,"href":"https:\/\/trayectoriadeportiva.com\/index.php\/wp-json\/wp\/v2\/posts\/28218\/revisions"}],"wp:featuredmedia":[{"embeddable":true,"href":"https:\/\/trayectoriadeportiva.com\/index.php\/wp-json\/wp\/v2\/media\/28219"}],"wp:attachment":[{"href":"https:\/\/trayectoriadeportiva.com\/index.php\/wp-json\/wp\/v2\/media?parent=28218"}],"wp:term":[{"taxonomy":"category","embeddable":true,"href":"https:\/\/trayectoriadeportiva.com\/index.php\/wp-json\/wp\/v2\/categories?post=28218"},{"taxonomy":"post_tag","embeddable":true,"href":"https:\/\/trayectoriadeportiva.com\/index.php\/wp-json\/wp\/v2\/tags?post=28218"}],"curies":[{"name":"wp","href":"https:\/\/api.w.org\/{rel}","templated":true}]}}