{"id":28368,"date":"2025-04-22T22:17:44","date_gmt":"2025-04-22T22:17:44","guid":{"rendered":"https:\/\/trayectoriadeportiva.com\/index.php\/2025\/04\/22\/hansi-flick-todo-el-mundo-se-ha-sentido-dentro\/"},"modified":"2025-04-22T22:17:44","modified_gmt":"2025-04-22T22:17:44","slug":"hansi-flick-todo-el-mundo-se-ha-sentido-dentro","status":"publish","type":"post","link":"https:\/\/trayectoriadeportiva.com\/index.php\/2025\/04\/22\/hansi-flick-todo-el-mundo-se-ha-sentido-dentro\/","title":{"rendered":"Hansi Flick: \u201cTodo el mundo se ha sentido dentro\u201d"},"content":{"rendered":"<p>Hansi Flick no dej\u00f3 indiferente a nadie con los once jugadores que aline\u00f3 sobre el c\u00e9sped de Montju\u00efc para enfrentarse al Mallorca antes de disputar la final de la Copa del Rey ante el Real Madrid. El t\u00e9cnico alem\u00e1n  realiz\u00f3 hasta siete cambios en la alineaci\u00f3n respecto al partido ante el Celta de Vigo del pasado s\u00e1bado.<\/p>\n<p><a href=\"https:\/\/www.lavanguardia.com\/deportes\/fc-barcelona\/20250423\/10607669\/hansi-flick-declarciones-mundo-sentido.html\">Seguir leyendo&#8230;<\/a><\/p>","protected":false},"excerpt":{"rendered":"<p>Hansi Flick no dej\u00f3 indiferente a nadie con los once jugadores que aline\u00f3 sobre el c\u00e9sped de Montju\u00efc para enfrentarse al Mallorca antes de disputar la final de la Copa del Rey ante el Real Madrid. El t\u00e9cnico alem\u00e1n realiz\u00f3 hasta siete cambios en la alineaci\u00f3n respecto al partido ante el Celta de Vigo del [&hellip;]<\/p>\n","protected":false},"author":1,"featured_media":28369,"comment_status":"","ping_status":"","sticky":false,"template":"","format":"standard","meta":{"_et_pb_use_builder":"","_et_pb_old_content":"","_et_gb_content_width":"","footnotes":""},"categories":[1],"tags":[],"class_list":["post-28368","post","type-post","status-publish","format-standard","has-post-thumbnail","hentry","category-blog","et-has-post-format-content","et_post_format-et-post-format-standard"],"_links":{"self":[{"href":"https:\/\/trayectoriadeportiva.com\/index.php\/wp-json\/wp\/v2\/posts\/28368","targetHints":{"allow":["GET"]}}],"collection":[{"href":"https:\/\/trayectoriadeportiva.com\/index.php\/wp-json\/wp\/v2\/posts"}],"about":[{"href":"https:\/\/trayectoriadeportiva.com\/index.php\/wp-json\/wp\/v2\/types\/post"}],"author":[{"embeddable":true,"href":"https:\/\/trayectoriadeportiva.com\/index.php\/wp-json\/wp\/v2\/users\/1"}],"replies":[{"embeddable":true,"href":"https:\/\/trayectoriadeportiva.com\/index.php\/wp-json\/wp\/v2\/comments?post=28368"}],"version-history":[{"count":0,"href":"https:\/\/trayectoriadeportiva.com\/index.php\/wp-json\/wp\/v2\/posts\/28368\/revisions"}],"wp:featuredmedia":[{"embeddable":true,"href":"https:\/\/trayectoriadeportiva.com\/index.php\/wp-json\/wp\/v2\/media\/28369"}],"wp:attachment":[{"href":"https:\/\/trayectoriadeportiva.com\/index.php\/wp-json\/wp\/v2\/media?parent=28368"}],"wp:term":[{"taxonomy":"category","embeddable":true,"href":"https:\/\/trayectoriadeportiva.com\/index.php\/wp-json\/wp\/v2\/categories?post=28368"},{"taxonomy":"post_tag","embeddable":true,"href":"https:\/\/trayectoriadeportiva.com\/index.php\/wp-json\/wp\/v2\/tags?post=28368"}],"curies":[{"name":"wp","href":"https:\/\/api.w.org\/{rel}","templated":true}]}}