{"id":28436,"date":"2025-04-24T08:17:37","date_gmt":"2025-04-24T08:17:37","guid":{"rendered":"https:\/\/trayectoriadeportiva.com\/index.php\/2025\/04\/24\/una-lesion-en-el-aductor-aparta-a-alcaraz-de-madrid\/"},"modified":"2025-04-24T08:17:37","modified_gmt":"2025-04-24T08:17:37","slug":"una-lesion-en-el-aductor-aparta-a-alcaraz-de-madrid","status":"publish","type":"post","link":"https:\/\/trayectoriadeportiva.com\/index.php\/2025\/04\/24\/una-lesion-en-el-aductor-aparta-a-alcaraz-de-madrid\/","title":{"rendered":"Una lesi\u00f3n en el aductor aparta a Alcaraz de Madrid"},"content":{"rendered":"<p>Carlos Alcaraz se ve obligado a parar. Las molestias que arrastra el tenista murciano en el aductor de su pierna derecha desde la final del Trofeo Conde de God\u00f3 le impedir\u00e1n disputar el Mutua Madrid Open, seg\u00fan ha avanzado el diario <i>Marca<\/i>. Este jueves al mediod\u00eda hay prevista una rueda de prensa para aportar m\u00e1s detalles a su decisi\u00f3n.<\/p>\n<p><a href=\"https:\/\/www.lavanguardia.com\/deportes\/tenis\/20250424\/10612334\/alcaraz-lesion-masters-madrid.html\">Seguir leyendo&#8230;<\/a><\/p>","protected":false},"excerpt":{"rendered":"<p>Carlos Alcaraz se ve obligado a parar. Las molestias que arrastra el tenista murciano en el aductor de su pierna derecha desde la final del Trofeo Conde de God\u00f3 le impedir\u00e1n disputar el Mutua Madrid Open, seg\u00fan ha avanzado el diario Marca. Este jueves al mediod\u00eda hay prevista una rueda de prensa para aportar m\u00e1s [&hellip;]<\/p>\n","protected":false},"author":1,"featured_media":28437,"comment_status":"","ping_status":"","sticky":false,"template":"","format":"standard","meta":{"_et_pb_use_builder":"","_et_pb_old_content":"","_et_gb_content_width":"","footnotes":""},"categories":[1],"tags":[],"class_list":["post-28436","post","type-post","status-publish","format-standard","has-post-thumbnail","hentry","category-blog","et-has-post-format-content","et_post_format-et-post-format-standard"],"_links":{"self":[{"href":"https:\/\/trayectoriadeportiva.com\/index.php\/wp-json\/wp\/v2\/posts\/28436","targetHints":{"allow":["GET"]}}],"collection":[{"href":"https:\/\/trayectoriadeportiva.com\/index.php\/wp-json\/wp\/v2\/posts"}],"about":[{"href":"https:\/\/trayectoriadeportiva.com\/index.php\/wp-json\/wp\/v2\/types\/post"}],"author":[{"embeddable":true,"href":"https:\/\/trayectoriadeportiva.com\/index.php\/wp-json\/wp\/v2\/users\/1"}],"replies":[{"embeddable":true,"href":"https:\/\/trayectoriadeportiva.com\/index.php\/wp-json\/wp\/v2\/comments?post=28436"}],"version-history":[{"count":0,"href":"https:\/\/trayectoriadeportiva.com\/index.php\/wp-json\/wp\/v2\/posts\/28436\/revisions"}],"wp:featuredmedia":[{"embeddable":true,"href":"https:\/\/trayectoriadeportiva.com\/index.php\/wp-json\/wp\/v2\/media\/28437"}],"wp:attachment":[{"href":"https:\/\/trayectoriadeportiva.com\/index.php\/wp-json\/wp\/v2\/media?parent=28436"}],"wp:term":[{"taxonomy":"category","embeddable":true,"href":"https:\/\/trayectoriadeportiva.com\/index.php\/wp-json\/wp\/v2\/categories?post=28436"},{"taxonomy":"post_tag","embeddable":true,"href":"https:\/\/trayectoriadeportiva.com\/index.php\/wp-json\/wp\/v2\/tags?post=28436"}],"curies":[{"name":"wp","href":"https:\/\/api.w.org\/{rel}","templated":true}]}}