{"id":28502,"date":"2025-04-25T21:42:47","date_gmt":"2025-04-25T21:42:47","guid":{"rendered":"https:\/\/trayectoriadeportiva.com\/index.php\/2025\/04\/25\/al-puro-estilo-mafioso\/"},"modified":"2025-04-25T21:42:47","modified_gmt":"2025-04-25T21:42:47","slug":"al-puro-estilo-mafioso","status":"publish","type":"post","link":"https:\/\/trayectoriadeportiva.com\/index.php\/2025\/04\/25\/al-puro-estilo-mafioso\/","title":{"rendered":"Al puro estilo mafioso"},"content":{"rendered":"<p>Se equivocaron De Burgos Bengoetxea, \u00e1rbitro principal de la final de la Copa del Rey, y Pablo Gonz\u00e1lez Fuertes, al frente del VAR. No era la v\u00edspera de la final de la Copa del Rey ni el momento ni el lugar para lagrimear ante las c\u00e1maras. A pitar un partido los colegiados van llorados de casa.<\/p>\n<p><a href=\"https:\/\/www.lavanguardia.com\/deportes\/20250425\/10619970\/puro-estilo-mafioso.html\">Seguir leyendo&#8230;<\/a><\/p>","protected":false},"excerpt":{"rendered":"<p>Se equivocaron De Burgos Bengoetxea, \u00e1rbitro principal de la final de la Copa del Rey, y Pablo Gonz\u00e1lez Fuertes, al frente del VAR. No era la v\u00edspera de la final de la Copa del Rey ni el momento ni el lugar para lagrimear ante las c\u00e1maras. A pitar un partido los colegiados van llorados de [&hellip;]<\/p>\n","protected":false},"author":1,"featured_media":28503,"comment_status":"","ping_status":"","sticky":false,"template":"","format":"standard","meta":{"_et_pb_use_builder":"","_et_pb_old_content":"","_et_gb_content_width":"","footnotes":""},"categories":[1],"tags":[],"class_list":["post-28502","post","type-post","status-publish","format-standard","has-post-thumbnail","hentry","category-blog","et-has-post-format-content","et_post_format-et-post-format-standard"],"_links":{"self":[{"href":"https:\/\/trayectoriadeportiva.com\/index.php\/wp-json\/wp\/v2\/posts\/28502","targetHints":{"allow":["GET"]}}],"collection":[{"href":"https:\/\/trayectoriadeportiva.com\/index.php\/wp-json\/wp\/v2\/posts"}],"about":[{"href":"https:\/\/trayectoriadeportiva.com\/index.php\/wp-json\/wp\/v2\/types\/post"}],"author":[{"embeddable":true,"href":"https:\/\/trayectoriadeportiva.com\/index.php\/wp-json\/wp\/v2\/users\/1"}],"replies":[{"embeddable":true,"href":"https:\/\/trayectoriadeportiva.com\/index.php\/wp-json\/wp\/v2\/comments?post=28502"}],"version-history":[{"count":0,"href":"https:\/\/trayectoriadeportiva.com\/index.php\/wp-json\/wp\/v2\/posts\/28502\/revisions"}],"wp:featuredmedia":[{"embeddable":true,"href":"https:\/\/trayectoriadeportiva.com\/index.php\/wp-json\/wp\/v2\/media\/28503"}],"wp:attachment":[{"href":"https:\/\/trayectoriadeportiva.com\/index.php\/wp-json\/wp\/v2\/media?parent=28502"}],"wp:term":[{"taxonomy":"category","embeddable":true,"href":"https:\/\/trayectoriadeportiva.com\/index.php\/wp-json\/wp\/v2\/categories?post=28502"},{"taxonomy":"post_tag","embeddable":true,"href":"https:\/\/trayectoriadeportiva.com\/index.php\/wp-json\/wp\/v2\/tags?post=28502"}],"curies":[{"name":"wp","href":"https:\/\/api.w.org\/{rel}","templated":true}]}}