{"id":28661,"date":"2025-04-29T04:00:00","date_gmt":"2025-04-29T04:00:00","guid":{"rendered":"https:\/\/trayectoriadeportiva.com\/index.php\/2025\/04\/29\/25-anos-de-la-copa-que-parecia-imposible\/"},"modified":"2025-04-29T04:00:00","modified_gmt":"2025-04-29T04:00:00","slug":"25-anos-de-la-copa-que-parecia-imposible","status":"publish","type":"post","link":"https:\/\/trayectoriadeportiva.com\/index.php\/2025\/04\/29\/25-anos-de-la-copa-que-parecia-imposible\/","title":{"rendered":"25 a\u00f1os de la Copa que parec\u00eda imposible"},"content":{"rendered":"<p>Sesenta a\u00f1os hab\u00edan pasado desde el \u00faltimo t\u00edtulo del Espanyol, all\u00e1 por 1940. Muy pocos pericos hab\u00edan nacido para verlo. Por eso, el 27 de abril del a\u00f1o 2000 es una fecha que ning\u00fan aficionado blanquiazul olvidar\u00e1. Unos 25.000 tomaron la carretera para hacer una caravana inolvidable hacia Valencia y vivir una noche hist\u00f3rica que recordar\u00edan durante a\u00f1os. La de Mestalla fue la final de Tamudo, que se convirti\u00f3 en el referente de toda una generaci\u00f3n gracias a un gol de pillo, inveros\u00edmil, de esos que lanzan carreras y tambi\u00e9n las hunden, la de Toni Jim\u00e9nez, portero del Atl\u00e9tico, por ejemplo. Fue la final de Paco Flores, entrenador de la casa que hab\u00eda cogido al equipo meses antes para evitar un desastre, tambi\u00e9n la de Daniel S\u00e1nchez Llibre, presidente entonces del club que sufri\u00f3 como pocos las vicisitudes del cargo. El l\u00edder de la defensa era Mauricio Pochettino, otra instituci\u00f3n en el club; en el medio ya destacaba, de hecho marc\u00f3 el segundo gol (2-1 al final), un jovenc\u00edsimo Sergio Gonz\u00e1lez, y el brazalete lo portaba Mois\u00e9s Arteaga, encargado de recibir la Copa de manos del Rey Juan Carlos I.<\/p>\n<p><a href=\"https:\/\/www.lavanguardia.com\/deportes\/rcde-espanyol\/20250429\/10626300\/espanyol-copa-del-rey-atletico-de-madrid-2000-imposible-sanchez-llibre.html\">Seguir leyendo&#8230;<\/a><\/p>","protected":false},"excerpt":{"rendered":"<p>Sesenta a\u00f1os hab\u00edan pasado desde el \u00faltimo t\u00edtulo del Espanyol, all\u00e1 por 1940. Muy pocos pericos hab\u00edan nacido para verlo. Por eso, el 27 de abril del a\u00f1o 2000 es una fecha que ning\u00fan aficionado blanquiazul olvidar\u00e1. Unos 25.000 tomaron la carretera para hacer una caravana inolvidable hacia Valencia y vivir una noche hist\u00f3rica que [&hellip;]<\/p>\n","protected":false},"author":1,"featured_media":28662,"comment_status":"","ping_status":"","sticky":false,"template":"","format":"standard","meta":{"_et_pb_use_builder":"","_et_pb_old_content":"","_et_gb_content_width":"","footnotes":""},"categories":[1],"tags":[],"class_list":["post-28661","post","type-post","status-publish","format-standard","has-post-thumbnail","hentry","category-blog","et-has-post-format-content","et_post_format-et-post-format-standard"],"_links":{"self":[{"href":"https:\/\/trayectoriadeportiva.com\/index.php\/wp-json\/wp\/v2\/posts\/28661","targetHints":{"allow":["GET"]}}],"collection":[{"href":"https:\/\/trayectoriadeportiva.com\/index.php\/wp-json\/wp\/v2\/posts"}],"about":[{"href":"https:\/\/trayectoriadeportiva.com\/index.php\/wp-json\/wp\/v2\/types\/post"}],"author":[{"embeddable":true,"href":"https:\/\/trayectoriadeportiva.com\/index.php\/wp-json\/wp\/v2\/users\/1"}],"replies":[{"embeddable":true,"href":"https:\/\/trayectoriadeportiva.com\/index.php\/wp-json\/wp\/v2\/comments?post=28661"}],"version-history":[{"count":0,"href":"https:\/\/trayectoriadeportiva.com\/index.php\/wp-json\/wp\/v2\/posts\/28661\/revisions"}],"wp:featuredmedia":[{"embeddable":true,"href":"https:\/\/trayectoriadeportiva.com\/index.php\/wp-json\/wp\/v2\/media\/28662"}],"wp:attachment":[{"href":"https:\/\/trayectoriadeportiva.com\/index.php\/wp-json\/wp\/v2\/media?parent=28661"}],"wp:term":[{"taxonomy":"category","embeddable":true,"href":"https:\/\/trayectoriadeportiva.com\/index.php\/wp-json\/wp\/v2\/categories?post=28661"},{"taxonomy":"post_tag","embeddable":true,"href":"https:\/\/trayectoriadeportiva.com\/index.php\/wp-json\/wp\/v2\/tags?post=28661"}],"curies":[{"name":"wp","href":"https:\/\/api.w.org\/{rel}","templated":true}]}}