{"id":28782,"date":"2025-05-02T04:00:00","date_gmt":"2025-05-02T04:00:00","guid":{"rendered":"https:\/\/trayectoriadeportiva.com\/index.php\/2025\/05\/02\/dagoberto-moll-el-decano\/"},"modified":"2025-05-02T04:00:00","modified_gmt":"2025-05-02T04:00:00","slug":"dagoberto-moll-el-decano","status":"publish","type":"post","link":"https:\/\/trayectoriadeportiva.com\/index.php\/2025\/05\/02\/dagoberto-moll-el-decano\/","title":{"rendered":"Dagoberto Moll, el decano"},"content":{"rendered":"<p>Cerca ya de los 98 a\u00f1os, Dagoberto Moll es el exfutbolista vivo de m\u00e1s edad en la historia del Barcelona, del Espanyol y del Deportivo, que fue su puerta de llegada a la Liga. Nacido en Montevideo el 12 de julio de 1927, lleg\u00f3 a Espa\u00f1a en el verano de 1949 como una apuesta personal del entrenador deportivista, el argentino Alejandro Scopelli, a\u00f1os despu\u00e9s impulsor de la inhalaci\u00f3n de ox\u00edgeno en el Espanyol en los descansos de los partidos.<\/p>\n<p><a href=\"https:\/\/www.lavanguardia.com\/deportes\/futbol\/20250502\/10638118\/dagoberto-moll-decano.html\">Seguir leyendo&#8230;<\/a><\/p>","protected":false},"excerpt":{"rendered":"<p>Cerca ya de los 98 a\u00f1os, Dagoberto Moll es el exfutbolista vivo de m\u00e1s edad en la historia del Barcelona, del Espanyol y del Deportivo, que fue su puerta de llegada a la Liga. Nacido en Montevideo el 12 de julio de 1927, lleg\u00f3 a Espa\u00f1a en el verano de 1949 como una apuesta personal [&hellip;]<\/p>\n","protected":false},"author":1,"featured_media":28783,"comment_status":"","ping_status":"","sticky":false,"template":"","format":"standard","meta":{"_et_pb_use_builder":"","_et_pb_old_content":"","_et_gb_content_width":"","footnotes":""},"categories":[1],"tags":[],"class_list":["post-28782","post","type-post","status-publish","format-standard","has-post-thumbnail","hentry","category-blog","et-has-post-format-content","et_post_format-et-post-format-standard"],"_links":{"self":[{"href":"https:\/\/trayectoriadeportiva.com\/index.php\/wp-json\/wp\/v2\/posts\/28782","targetHints":{"allow":["GET"]}}],"collection":[{"href":"https:\/\/trayectoriadeportiva.com\/index.php\/wp-json\/wp\/v2\/posts"}],"about":[{"href":"https:\/\/trayectoriadeportiva.com\/index.php\/wp-json\/wp\/v2\/types\/post"}],"author":[{"embeddable":true,"href":"https:\/\/trayectoriadeportiva.com\/index.php\/wp-json\/wp\/v2\/users\/1"}],"replies":[{"embeddable":true,"href":"https:\/\/trayectoriadeportiva.com\/index.php\/wp-json\/wp\/v2\/comments?post=28782"}],"version-history":[{"count":0,"href":"https:\/\/trayectoriadeportiva.com\/index.php\/wp-json\/wp\/v2\/posts\/28782\/revisions"}],"wp:featuredmedia":[{"embeddable":true,"href":"https:\/\/trayectoriadeportiva.com\/index.php\/wp-json\/wp\/v2\/media\/28783"}],"wp:attachment":[{"href":"https:\/\/trayectoriadeportiva.com\/index.php\/wp-json\/wp\/v2\/media?parent=28782"}],"wp:term":[{"taxonomy":"category","embeddable":true,"href":"https:\/\/trayectoriadeportiva.com\/index.php\/wp-json\/wp\/v2\/categories?post=28782"},{"taxonomy":"post_tag","embeddable":true,"href":"https:\/\/trayectoriadeportiva.com\/index.php\/wp-json\/wp\/v2\/tags?post=28782"}],"curies":[{"name":"wp","href":"https:\/\/api.w.org\/{rel}","templated":true}]}}