{"id":2881,"date":"2023-11-18T13:59:59","date_gmt":"2023-11-18T13:59:59","guid":{"rendered":"https:\/\/trayectoriadeportiva.com\/index.php\/2023\/11\/18\/el-madrid-pierde-a-vinicius-dos-meses-y-medio\/"},"modified":"2023-11-18T13:59:59","modified_gmt":"2023-11-18T13:59:59","slug":"el-madrid-pierde-a-vinicius-dos-meses-y-medio","status":"publish","type":"post","link":"https:\/\/trayectoriadeportiva.com\/index.php\/2023\/11\/18\/el-madrid-pierde-a-vinicius-dos-meses-y-medio\/","title":{"rendered":"El Madrid pierde a Vin\u00edcius dos meses y medio"},"content":{"rendered":"<p>Tremendo golpe para el Real Madrid. Una de sus figuras m\u00e1s importantes, Vin\u00edcius J\u00fanior, estar\u00e1  fuera de los terrenos de juego hasta febrero. Es decir, el brasile\u00f1o se tirar\u00e1 en la enfermer\u00eda dos meses y medio. El delantero sufre una rotura en el b\u00edceps femoral con afectaci\u00f3n del tend\u00f3n distal en su pierna izquierda, seg\u00fan el parte m\u00e9dico revelado por el Real Madrid. El jugador brasile\u00f1o ha sido sometido esta ma\u00f1ana a una resonancia magn\u00e9tica que ha confirmado la importancia de la lesi\u00f3n.<\/p>\n<p><a href=\"https:\/\/www.lavanguardia.com\/deportes\/real-madrid\/20231118\/9388434\/madrid-pierde-vinicius-dos-meses-medio.html\">Seguir leyendo&#8230;<\/a><\/p>","protected":false},"excerpt":{"rendered":"<p>Tremendo golpe para el Real Madrid. Una de sus figuras m\u00e1s importantes, Vin\u00edcius J\u00fanior, estar\u00e1 fuera de los terrenos de juego hasta febrero. Es decir, el brasile\u00f1o se tirar\u00e1 en la enfermer\u00eda dos meses y medio. El delantero sufre una rotura en el b\u00edceps femoral con afectaci\u00f3n del tend\u00f3n distal en su pierna izquierda, seg\u00fan [&hellip;]<\/p>\n","protected":false},"author":0,"featured_media":2882,"comment_status":"","ping_status":"","sticky":false,"template":"","format":"standard","meta":{"_et_pb_use_builder":"","_et_pb_old_content":"","_et_gb_content_width":"","footnotes":""},"categories":[1],"tags":[],"class_list":["post-2881","post","type-post","status-publish","format-standard","has-post-thumbnail","hentry","category-blog","et-has-post-format-content","et_post_format-et-post-format-standard"],"_links":{"self":[{"href":"https:\/\/trayectoriadeportiva.com\/index.php\/wp-json\/wp\/v2\/posts\/2881","targetHints":{"allow":["GET"]}}],"collection":[{"href":"https:\/\/trayectoriadeportiva.com\/index.php\/wp-json\/wp\/v2\/posts"}],"about":[{"href":"https:\/\/trayectoriadeportiva.com\/index.php\/wp-json\/wp\/v2\/types\/post"}],"replies":[{"embeddable":true,"href":"https:\/\/trayectoriadeportiva.com\/index.php\/wp-json\/wp\/v2\/comments?post=2881"}],"version-history":[{"count":0,"href":"https:\/\/trayectoriadeportiva.com\/index.php\/wp-json\/wp\/v2\/posts\/2881\/revisions"}],"wp:featuredmedia":[{"embeddable":true,"href":"https:\/\/trayectoriadeportiva.com\/index.php\/wp-json\/wp\/v2\/media\/2882"}],"wp:attachment":[{"href":"https:\/\/trayectoriadeportiva.com\/index.php\/wp-json\/wp\/v2\/media?parent=2881"}],"wp:term":[{"taxonomy":"category","embeddable":true,"href":"https:\/\/trayectoriadeportiva.com\/index.php\/wp-json\/wp\/v2\/categories?post=2881"},{"taxonomy":"post_tag","embeddable":true,"href":"https:\/\/trayectoriadeportiva.com\/index.php\/wp-json\/wp\/v2\/tags?post=2881"}],"curies":[{"name":"wp","href":"https:\/\/api.w.org\/{rel}","templated":true}]}}