{"id":2889,"date":"2023-11-18T16:08:07","date_gmt":"2023-11-18T16:08:07","guid":{"rendered":"https:\/\/trayectoriadeportiva.com\/index.php\/2023\/11\/18\/aleix-espargaro-pierde-los-papeles-y-asesta-una-colleja-a-morbidelli\/"},"modified":"2023-11-18T16:08:07","modified_gmt":"2023-11-18T16:08:07","slug":"aleix-espargaro-pierde-los-papeles-y-asesta-una-colleja-a-morbidelli","status":"publish","type":"post","link":"https:\/\/trayectoriadeportiva.com\/index.php\/2023\/11\/18\/aleix-espargaro-pierde-los-papeles-y-asesta-una-colleja-a-morbidelli\/","title":{"rendered":"Aleix Espargar\u00f3 pierde los papeles y asesta una colleja a Morbidelli"},"content":{"rendered":"<p>Aleix Espargar\u00f3 (Aprilia) perdi\u00f3 los papeles en el tercer entrenamiento libre del GP de Qatar, el FP2, y su acci\u00f3n desmedida le ha costado caro: 10.000 euros de multa y la p\u00e9rdida de 6 posiciones en la parrilla de salida por propinar una colleja a Franco Morbidelli (Yamaha).<\/p>\n<p><a href=\"https:\/\/www.lavanguardia.com\/deportes\/motociclismo\/20231118\/9388571\/motogp-qatar-aleix-espargaro-sancion-colleja-morbidelli-pierde-papeles.html\">Seguir leyendo&#8230;<\/a><\/p>","protected":false},"excerpt":{"rendered":"<p>Aleix Espargar\u00f3 (Aprilia) perdi\u00f3 los papeles en el tercer entrenamiento libre del GP de Qatar, el FP2, y su acci\u00f3n desmedida le ha costado caro: 10.000 euros de multa y la p\u00e9rdida de 6 posiciones en la parrilla de salida por propinar una colleja a Franco Morbidelli (Yamaha). Seguir leyendo&#8230;<\/p>\n","protected":false},"author":0,"featured_media":2890,"comment_status":"","ping_status":"","sticky":false,"template":"","format":"standard","meta":{"_et_pb_use_builder":"","_et_pb_old_content":"","_et_gb_content_width":"","footnotes":""},"categories":[1],"tags":[],"class_list":["post-2889","post","type-post","status-publish","format-standard","has-post-thumbnail","hentry","category-blog","et-has-post-format-content","et_post_format-et-post-format-standard"],"_links":{"self":[{"href":"https:\/\/trayectoriadeportiva.com\/index.php\/wp-json\/wp\/v2\/posts\/2889","targetHints":{"allow":["GET"]}}],"collection":[{"href":"https:\/\/trayectoriadeportiva.com\/index.php\/wp-json\/wp\/v2\/posts"}],"about":[{"href":"https:\/\/trayectoriadeportiva.com\/index.php\/wp-json\/wp\/v2\/types\/post"}],"replies":[{"embeddable":true,"href":"https:\/\/trayectoriadeportiva.com\/index.php\/wp-json\/wp\/v2\/comments?post=2889"}],"version-history":[{"count":0,"href":"https:\/\/trayectoriadeportiva.com\/index.php\/wp-json\/wp\/v2\/posts\/2889\/revisions"}],"wp:featuredmedia":[{"embeddable":true,"href":"https:\/\/trayectoriadeportiva.com\/index.php\/wp-json\/wp\/v2\/media\/2890"}],"wp:attachment":[{"href":"https:\/\/trayectoriadeportiva.com\/index.php\/wp-json\/wp\/v2\/media?parent=2889"}],"wp:term":[{"taxonomy":"category","embeddable":true,"href":"https:\/\/trayectoriadeportiva.com\/index.php\/wp-json\/wp\/v2\/categories?post=2889"},{"taxonomy":"post_tag","embeddable":true,"href":"https:\/\/trayectoriadeportiva.com\/index.php\/wp-json\/wp\/v2\/tags?post=2889"}],"curies":[{"name":"wp","href":"https:\/\/api.w.org\/{rel}","templated":true}]}}