{"id":28918,"date":"2025-05-04T13:15:59","date_gmt":"2025-05-04T13:15:59","guid":{"rendered":"https:\/\/trayectoriadeportiva.com\/index.php\/2025\/05\/04\/ellen-van-dijk-celebra-el-dia-de-la-madre-en-la-vuelta-femenina\/"},"modified":"2025-05-04T13:15:59","modified_gmt":"2025-05-04T13:15:59","slug":"ellen-van-dijk-celebra-el-dia-de-la-madre-en-la-vuelta-femenina","status":"publish","type":"post","link":"https:\/\/trayectoriadeportiva.com\/index.php\/2025\/05\/04\/ellen-van-dijk-celebra-el-dia-de-la-madre-en-la-vuelta-femenina\/","title":{"rendered":"Ellen van Dijk celebra el d\u00eda de la madre en la Vuelta femenina"},"content":{"rendered":"<p>Las curvas de la fachada de la Pedrera de Gaud\u00ed contrastan con la perfecci\u00f3n de la pendiente de la rampa de salida que tiene delante de si buscando una imagen ic\u00f3nica. De ah\u00ed, del centro de Barcelona, parte la Vuelta a Espa\u00f1a femenina. Hu\u00eda de las l\u00edneas rectas el arquitecto modernista de la misma manera que los dise\u00f1adores de cuadros aman los tubos planos, finos, minimalistas para las bicicletas de contrarreloj para cortar el viento como un cuchillo. Las dos concepciones, la decorativa-art\u00edstica y la funcional-cient\u00edfica, se dieron la mano en la contrarreloj por equipos inicial de la carrera en la capital catalana.<\/p>\n<p><a href=\"https:\/\/www.lavanguardia.com\/deportes\/ciclismo\/20250504\/10644441\/ellen-dijk-celebra-dia-madre-vuelta-femenina.html\">Seguir leyendo&#8230;<\/a><\/p>","protected":false},"excerpt":{"rendered":"<p>Las curvas de la fachada de la Pedrera de Gaud\u00ed contrastan con la perfecci\u00f3n de la pendiente de la rampa de salida que tiene delante de si buscando una imagen ic\u00f3nica. De ah\u00ed, del centro de Barcelona, parte la Vuelta a Espa\u00f1a femenina. Hu\u00eda de las l\u00edneas rectas el arquitecto modernista de la misma manera [&hellip;]<\/p>\n","protected":false},"author":1,"featured_media":28919,"comment_status":"","ping_status":"","sticky":false,"template":"","format":"standard","meta":{"_et_pb_use_builder":"","_et_pb_old_content":"","_et_gb_content_width":"","footnotes":""},"categories":[1],"tags":[],"class_list":["post-28918","post","type-post","status-publish","format-standard","has-post-thumbnail","hentry","category-blog","et-has-post-format-content","et_post_format-et-post-format-standard"],"_links":{"self":[{"href":"https:\/\/trayectoriadeportiva.com\/index.php\/wp-json\/wp\/v2\/posts\/28918","targetHints":{"allow":["GET"]}}],"collection":[{"href":"https:\/\/trayectoriadeportiva.com\/index.php\/wp-json\/wp\/v2\/posts"}],"about":[{"href":"https:\/\/trayectoriadeportiva.com\/index.php\/wp-json\/wp\/v2\/types\/post"}],"author":[{"embeddable":true,"href":"https:\/\/trayectoriadeportiva.com\/index.php\/wp-json\/wp\/v2\/users\/1"}],"replies":[{"embeddable":true,"href":"https:\/\/trayectoriadeportiva.com\/index.php\/wp-json\/wp\/v2\/comments?post=28918"}],"version-history":[{"count":0,"href":"https:\/\/trayectoriadeportiva.com\/index.php\/wp-json\/wp\/v2\/posts\/28918\/revisions"}],"wp:featuredmedia":[{"embeddable":true,"href":"https:\/\/trayectoriadeportiva.com\/index.php\/wp-json\/wp\/v2\/media\/28919"}],"wp:attachment":[{"href":"https:\/\/trayectoriadeportiva.com\/index.php\/wp-json\/wp\/v2\/media?parent=28918"}],"wp:term":[{"taxonomy":"category","embeddable":true,"href":"https:\/\/trayectoriadeportiva.com\/index.php\/wp-json\/wp\/v2\/categories?post=28918"},{"taxonomy":"post_tag","embeddable":true,"href":"https:\/\/trayectoriadeportiva.com\/index.php\/wp-json\/wp\/v2\/tags?post=28918"}],"curies":[{"name":"wp","href":"https:\/\/api.w.org\/{rel}","templated":true}]}}