{"id":29033,"date":"2025-05-06T15:08:57","date_gmt":"2025-05-06T15:08:57","guid":{"rendered":"https:\/\/trayectoriadeportiva.com\/index.php\/2025\/05\/06\/alexia-homenajeada-en-mollet-tengo-un-trabajo-que-puede-cambiar-sentimientos\/"},"modified":"2025-05-06T15:08:57","modified_gmt":"2025-05-06T15:08:57","slug":"alexia-homenajeada-en-mollet-tengo-un-trabajo-que-puede-cambiar-sentimientos","status":"publish","type":"post","link":"https:\/\/trayectoriadeportiva.com\/index.php\/2025\/05\/06\/alexia-homenajeada-en-mollet-tengo-un-trabajo-que-puede-cambiar-sentimientos\/","title":{"rendered":"Alexia, homenajeada en Mollet: \u201cTengo un trabajo que puede cambiar sentimientos\u201d"},"content":{"rendered":"<p>Alexia Putellas ha vivido de todo en el f\u00fatbol. Capitana desde hace a\u00f1os del Bar\u00e7a, ha levantado todos los trofeos imaginables junto a sus compa\u00f1eras blaugrana.  Los galardones individuales tampoco se le han resistido, premiada dos veces con el Bal\u00f3n de Oro. Apoy\u00f3 una rebeli\u00f3n en pro de un f\u00fatbol femenino mejor en la selecci\u00f3n espa\u00f1ola, con la que despu\u00e9s gan\u00f3 un Mundial. Lesionada de la rodilla casi toda una temporada, tambi\u00e9n ha tenido que superar el lado amargo del f\u00fatbol. Un camino digno de menci\u00f3n que este lunes tuvo su en\u00e9simo reconocimiento en Mollet del Vall\u00e8s, su localidad natal.\u00a0<\/p>\n<p><a href=\"https:\/\/www.lavanguardia.com\/deportes\/futbol\/20250506\/10651790\/alexia-barcelona-homenaje-mollet-del-valles-embajadora-pepsi.html\">Seguir leyendo&#8230;<\/a><\/p>","protected":false},"excerpt":{"rendered":"<p>Alexia Putellas ha vivido de todo en el f\u00fatbol. Capitana desde hace a\u00f1os del Bar\u00e7a, ha levantado todos los trofeos imaginables junto a sus compa\u00f1eras blaugrana. Los galardones individuales tampoco se le han resistido, premiada dos veces con el Bal\u00f3n de Oro. Apoy\u00f3 una rebeli\u00f3n en pro de un f\u00fatbol femenino mejor en la selecci\u00f3n [&hellip;]<\/p>\n","protected":false},"author":1,"featured_media":29034,"comment_status":"","ping_status":"","sticky":false,"template":"","format":"standard","meta":{"_et_pb_use_builder":"","_et_pb_old_content":"","_et_gb_content_width":"","footnotes":""},"categories":[1],"tags":[],"class_list":["post-29033","post","type-post","status-publish","format-standard","has-post-thumbnail","hentry","category-blog","et-has-post-format-content","et_post_format-et-post-format-standard"],"_links":{"self":[{"href":"https:\/\/trayectoriadeportiva.com\/index.php\/wp-json\/wp\/v2\/posts\/29033","targetHints":{"allow":["GET"]}}],"collection":[{"href":"https:\/\/trayectoriadeportiva.com\/index.php\/wp-json\/wp\/v2\/posts"}],"about":[{"href":"https:\/\/trayectoriadeportiva.com\/index.php\/wp-json\/wp\/v2\/types\/post"}],"author":[{"embeddable":true,"href":"https:\/\/trayectoriadeportiva.com\/index.php\/wp-json\/wp\/v2\/users\/1"}],"replies":[{"embeddable":true,"href":"https:\/\/trayectoriadeportiva.com\/index.php\/wp-json\/wp\/v2\/comments?post=29033"}],"version-history":[{"count":0,"href":"https:\/\/trayectoriadeportiva.com\/index.php\/wp-json\/wp\/v2\/posts\/29033\/revisions"}],"wp:featuredmedia":[{"embeddable":true,"href":"https:\/\/trayectoriadeportiva.com\/index.php\/wp-json\/wp\/v2\/media\/29034"}],"wp:attachment":[{"href":"https:\/\/trayectoriadeportiva.com\/index.php\/wp-json\/wp\/v2\/media?parent=29033"}],"wp:term":[{"taxonomy":"category","embeddable":true,"href":"https:\/\/trayectoriadeportiva.com\/index.php\/wp-json\/wp\/v2\/categories?post=29033"},{"taxonomy":"post_tag","embeddable":true,"href":"https:\/\/trayectoriadeportiva.com\/index.php\/wp-json\/wp\/v2\/tags?post=29033"}],"curies":[{"name":"wp","href":"https:\/\/api.w.org\/{rel}","templated":true}]}}