{"id":29080,"date":"2025-05-07T10:35:23","date_gmt":"2025-05-07T10:35:23","guid":{"rendered":"https:\/\/trayectoriadeportiva.com\/index.php\/2025\/05\/07\/disciplina-multa-al-espanyol-pero-no-cierra-el-rcde-stadium\/"},"modified":"2025-05-07T10:35:23","modified_gmt":"2025-05-07T10:35:23","slug":"disciplina-multa-al-espanyol-pero-no-cierra-el-rcde-stadium","status":"publish","type":"post","link":"https:\/\/trayectoriadeportiva.com\/index.php\/2025\/05\/07\/disciplina-multa-al-espanyol-pero-no-cierra-el-rcde-stadium\/","title":{"rendered":"Disciplina multa al Espanyol, pero no cierra el RCDE Stadium"},"content":{"rendered":"<p>El RCD Espanyol respira aliviado tras ser sancionado \u00fanicamente con una multa econ\u00f3mica por el lanzmaiento de objetos durante el partido ante el Betis. El club perico, que ya estaba avisado por otro incidente similar esta temporada, corr\u00eda el riesgo de ser castigado con el cierre del estadio de cara al derbi barcelon\u00e9s contra el Bar\u00e7a del 15 de mayo.<\/p>\n<p><a href=\"https:\/\/www.lavanguardia.com\/deportes\/rcde-espanyol\/primer-equipo\/20250507\/10655262\/disciplina-multa-espanyol-cierra-rcde-stadium.html\">Seguir leyendo&#8230;<\/a><\/p>","protected":false},"excerpt":{"rendered":"<p>El RCD Espanyol respira aliviado tras ser sancionado \u00fanicamente con una multa econ\u00f3mica por el lanzmaiento de objetos durante el partido ante el Betis. El club perico, que ya estaba avisado por otro incidente similar esta temporada, corr\u00eda el riesgo de ser castigado con el cierre del estadio de cara al derbi barcelon\u00e9s contra el [&hellip;]<\/p>\n","protected":false},"author":1,"featured_media":29081,"comment_status":"","ping_status":"","sticky":false,"template":"","format":"standard","meta":{"_et_pb_use_builder":"","_et_pb_old_content":"","_et_gb_content_width":"","footnotes":""},"categories":[1],"tags":[],"class_list":["post-29080","post","type-post","status-publish","format-standard","has-post-thumbnail","hentry","category-blog","et-has-post-format-content","et_post_format-et-post-format-standard"],"_links":{"self":[{"href":"https:\/\/trayectoriadeportiva.com\/index.php\/wp-json\/wp\/v2\/posts\/29080","targetHints":{"allow":["GET"]}}],"collection":[{"href":"https:\/\/trayectoriadeportiva.com\/index.php\/wp-json\/wp\/v2\/posts"}],"about":[{"href":"https:\/\/trayectoriadeportiva.com\/index.php\/wp-json\/wp\/v2\/types\/post"}],"author":[{"embeddable":true,"href":"https:\/\/trayectoriadeportiva.com\/index.php\/wp-json\/wp\/v2\/users\/1"}],"replies":[{"embeddable":true,"href":"https:\/\/trayectoriadeportiva.com\/index.php\/wp-json\/wp\/v2\/comments?post=29080"}],"version-history":[{"count":0,"href":"https:\/\/trayectoriadeportiva.com\/index.php\/wp-json\/wp\/v2\/posts\/29080\/revisions"}],"wp:featuredmedia":[{"embeddable":true,"href":"https:\/\/trayectoriadeportiva.com\/index.php\/wp-json\/wp\/v2\/media\/29081"}],"wp:attachment":[{"href":"https:\/\/trayectoriadeportiva.com\/index.php\/wp-json\/wp\/v2\/media?parent=29080"}],"wp:term":[{"taxonomy":"category","embeddable":true,"href":"https:\/\/trayectoriadeportiva.com\/index.php\/wp-json\/wp\/v2\/categories?post=29080"},{"taxonomy":"post_tag","embeddable":true,"href":"https:\/\/trayectoriadeportiva.com\/index.php\/wp-json\/wp\/v2\/tags?post=29080"}],"curies":[{"name":"wp","href":"https:\/\/api.w.org\/{rel}","templated":true}]}}