{"id":29094,"date":"2025-05-08T04:00:00","date_gmt":"2025-05-08T04:00:00","guid":{"rendered":"https:\/\/trayectoriadeportiva.com\/index.php\/2025\/05\/08\/la-crucifixion-de-araujo\/"},"modified":"2025-05-08T04:00:00","modified_gmt":"2025-05-08T04:00:00","slug":"la-crucifixion-de-araujo","status":"publish","type":"post","link":"https:\/\/trayectoriadeportiva.com\/index.php\/2025\/05\/08\/la-crucifixion-de-araujo\/","title":{"rendered":"La crucifixi\u00f3n de Ara\u00fajo"},"content":{"rendered":"<p>Incapaz de traicionarse y renunciar a su forma de ser, el FC Barcelona dej\u00f3 escapar en Mil\u00e1n una Liga de Campeones que llevaba su nombre. Esta vez, sin embargo, el barcelonismo hizo pi\u00f1a, todo fue unidad, orgullo y asunci\u00f3n de la derrota, normalmente hu\u00e9rfana de padre y madre. \u00bfTodo? No exactamente. Hubo una excepci\u00f3n y se dir\u00eda que existi\u00f3 un culpable, al que se ha se\u00f1alado sin la indulgencia que tantos y tantos recibieron el martes en Mil\u00e1n.<i> Ladies and gentlemen <\/i>, el crucificado es&#8230;\u00a1Ronald Ara\u00fajo!<\/p>\n<p><a href=\"https:\/\/www.lavanguardia.com\/deportes\/20250508\/10657931\/crucifixion-araujo.html\">Seguir leyendo&#8230;<\/a><\/p>","protected":false},"excerpt":{"rendered":"<p>Incapaz de traicionarse y renunciar a su forma de ser, el FC Barcelona dej\u00f3 escapar en Mil\u00e1n una Liga de Campeones que llevaba su nombre. Esta vez, sin embargo, el barcelonismo hizo pi\u00f1a, todo fue unidad, orgullo y asunci\u00f3n de la derrota, normalmente hu\u00e9rfana de padre y madre. \u00bfTodo? No exactamente. Hubo una excepci\u00f3n y [&hellip;]<\/p>\n","protected":false},"author":1,"featured_media":29095,"comment_status":"","ping_status":"","sticky":false,"template":"","format":"standard","meta":{"_et_pb_use_builder":"","_et_pb_old_content":"","_et_gb_content_width":"","footnotes":""},"categories":[1],"tags":[],"class_list":["post-29094","post","type-post","status-publish","format-standard","has-post-thumbnail","hentry","category-blog","et-has-post-format-content","et_post_format-et-post-format-standard"],"_links":{"self":[{"href":"https:\/\/trayectoriadeportiva.com\/index.php\/wp-json\/wp\/v2\/posts\/29094","targetHints":{"allow":["GET"]}}],"collection":[{"href":"https:\/\/trayectoriadeportiva.com\/index.php\/wp-json\/wp\/v2\/posts"}],"about":[{"href":"https:\/\/trayectoriadeportiva.com\/index.php\/wp-json\/wp\/v2\/types\/post"}],"author":[{"embeddable":true,"href":"https:\/\/trayectoriadeportiva.com\/index.php\/wp-json\/wp\/v2\/users\/1"}],"replies":[{"embeddable":true,"href":"https:\/\/trayectoriadeportiva.com\/index.php\/wp-json\/wp\/v2\/comments?post=29094"}],"version-history":[{"count":0,"href":"https:\/\/trayectoriadeportiva.com\/index.php\/wp-json\/wp\/v2\/posts\/29094\/revisions"}],"wp:featuredmedia":[{"embeddable":true,"href":"https:\/\/trayectoriadeportiva.com\/index.php\/wp-json\/wp\/v2\/media\/29095"}],"wp:attachment":[{"href":"https:\/\/trayectoriadeportiva.com\/index.php\/wp-json\/wp\/v2\/media?parent=29094"}],"wp:term":[{"taxonomy":"category","embeddable":true,"href":"https:\/\/trayectoriadeportiva.com\/index.php\/wp-json\/wp\/v2\/categories?post=29094"},{"taxonomy":"post_tag","embeddable":true,"href":"https:\/\/trayectoriadeportiva.com\/index.php\/wp-json\/wp\/v2\/tags?post=29094"}],"curies":[{"name":"wp","href":"https:\/\/api.w.org\/{rel}","templated":true}]}}