{"id":29130,"date":"2025-05-09T04:00:00","date_gmt":"2025-05-09T04:00:00","guid":{"rendered":"https:\/\/trayectoriadeportiva.com\/index.php\/2025\/05\/09\/cuando-ayuso-conocio-el-mortirolo\/"},"modified":"2025-05-09T04:00:00","modified_gmt":"2025-05-09T04:00:00","slug":"cuando-ayuso-conocio-el-mortirolo","status":"publish","type":"post","link":"https:\/\/trayectoriadeportiva.com\/index.php\/2025\/05\/09\/cuando-ayuso-conocio-el-mortirolo\/","title":{"rendered":"Cuando Ayuso conoci\u00f3 el Mortirolo"},"content":{"rendered":"<p>El ciclismo ha cambiado tanto que nadie quiere aprender, que todos los j\u00f3venes que llegan al pelot\u00f3n se las dan de sabios y quieren ser maestros sin haber sido alumnos. No les gusta crecer despacio, a la sombra, porque no est\u00e1n hechos para esperar ni toleran f\u00e1cilmente la frustraci\u00f3n.<\/p>\n<p><a href=\"https:\/\/www.lavanguardia.com\/deportes\/ciclismo\/20250509\/10662096\/giro-de-italia-ayuso-conocio-mortirolo-roglic.html\">Seguir leyendo&#8230;<\/a><\/p>","protected":false},"excerpt":{"rendered":"<p>El ciclismo ha cambiado tanto que nadie quiere aprender, que todos los j\u00f3venes que llegan al pelot\u00f3n se las dan de sabios y quieren ser maestros sin haber sido alumnos. No les gusta crecer despacio, a la sombra, porque no est\u00e1n hechos para esperar ni toleran f\u00e1cilmente la frustraci\u00f3n. Seguir leyendo&#8230;<\/p>\n","protected":false},"author":1,"featured_media":29131,"comment_status":"","ping_status":"","sticky":false,"template":"","format":"standard","meta":{"_et_pb_use_builder":"","_et_pb_old_content":"","_et_gb_content_width":"","footnotes":""},"categories":[1],"tags":[],"class_list":["post-29130","post","type-post","status-publish","format-standard","has-post-thumbnail","hentry","category-blog","et-has-post-format-content","et_post_format-et-post-format-standard"],"_links":{"self":[{"href":"https:\/\/trayectoriadeportiva.com\/index.php\/wp-json\/wp\/v2\/posts\/29130","targetHints":{"allow":["GET"]}}],"collection":[{"href":"https:\/\/trayectoriadeportiva.com\/index.php\/wp-json\/wp\/v2\/posts"}],"about":[{"href":"https:\/\/trayectoriadeportiva.com\/index.php\/wp-json\/wp\/v2\/types\/post"}],"author":[{"embeddable":true,"href":"https:\/\/trayectoriadeportiva.com\/index.php\/wp-json\/wp\/v2\/users\/1"}],"replies":[{"embeddable":true,"href":"https:\/\/trayectoriadeportiva.com\/index.php\/wp-json\/wp\/v2\/comments?post=29130"}],"version-history":[{"count":0,"href":"https:\/\/trayectoriadeportiva.com\/index.php\/wp-json\/wp\/v2\/posts\/29130\/revisions"}],"wp:featuredmedia":[{"embeddable":true,"href":"https:\/\/trayectoriadeportiva.com\/index.php\/wp-json\/wp\/v2\/media\/29131"}],"wp:attachment":[{"href":"https:\/\/trayectoriadeportiva.com\/index.php\/wp-json\/wp\/v2\/media?parent=29130"}],"wp:term":[{"taxonomy":"category","embeddable":true,"href":"https:\/\/trayectoriadeportiva.com\/index.php\/wp-json\/wp\/v2\/categories?post=29130"},{"taxonomy":"post_tag","embeddable":true,"href":"https:\/\/trayectoriadeportiva.com\/index.php\/wp-json\/wp\/v2\/tags?post=29130"}],"curies":[{"name":"wp","href":"https:\/\/api.w.org\/{rel}","templated":true}]}}