{"id":29276,"date":"2025-05-11T17:46:09","date_gmt":"2025-05-11T17:46:09","guid":{"rendered":"https:\/\/trayectoriadeportiva.com\/index.php\/2025\/05\/11\/mads-pedersen-de-la-ciclamino-a-la-rosa\/"},"modified":"2025-05-11T17:46:09","modified_gmt":"2025-05-11T17:46:09","slug":"mads-pedersen-de-la-ciclamino-a-la-rosa","status":"publish","type":"post","link":"https:\/\/trayectoriadeportiva.com\/index.php\/2025\/05\/11\/mads-pedersen-de-la-ciclamino-a-la-rosa\/","title":{"rendered":"Mads Pedersen, de la \u2018ciclamino\u2019 a la rosa"},"content":{"rendered":"<p>Dos victorias en tres etapas. Todas ellas en Albania. El dan\u00e9s Mads Pedersen (Lidl-Trek) es hasta el momento el protagonista de este Giro de Italia, en el que no ha necesitado m\u00e1s que las dos primeras llegadas al sprint para demostrar que es el velocista m\u00e1s fuerte de la carrera. El primer d\u00eda se visti\u00f3 de l\u00edder ante el belga Van Aert. Ayer super\u00f3 en una llegada largu\u00edsima, quiz\u00e1s atac\u00f3 antes de tiempo, a Corbin Strong (Israel) y, de nuevo, a C\u00e9sar Aular (Movistar). Su sexta victoria en el 2025 le sirve para acaparar el maillot del ciclamino (por puntos) y la maglia rosa, que el viernes hab\u00eda conquistado Primoz Roglic.<\/p>\n<p><a href=\"https:\/\/www.lavanguardia.com\/deportes\/20250511\/10670309\/mads-pedersen-ciclamino-rosa.html\">Seguir leyendo&#8230;<\/a><\/p>","protected":false},"excerpt":{"rendered":"<p>Dos victorias en tres etapas. Todas ellas en Albania. El dan\u00e9s Mads Pedersen (Lidl-Trek) es hasta el momento el protagonista de este Giro de Italia, en el que no ha necesitado m\u00e1s que las dos primeras llegadas al sprint para demostrar que es el velocista m\u00e1s fuerte de la carrera. El primer d\u00eda se visti\u00f3 [&hellip;]<\/p>\n","protected":false},"author":1,"featured_media":29277,"comment_status":"","ping_status":"","sticky":false,"template":"","format":"standard","meta":{"_et_pb_use_builder":"","_et_pb_old_content":"","_et_gb_content_width":"","footnotes":""},"categories":[1],"tags":[],"class_list":["post-29276","post","type-post","status-publish","format-standard","has-post-thumbnail","hentry","category-blog","et-has-post-format-content","et_post_format-et-post-format-standard"],"_links":{"self":[{"href":"https:\/\/trayectoriadeportiva.com\/index.php\/wp-json\/wp\/v2\/posts\/29276","targetHints":{"allow":["GET"]}}],"collection":[{"href":"https:\/\/trayectoriadeportiva.com\/index.php\/wp-json\/wp\/v2\/posts"}],"about":[{"href":"https:\/\/trayectoriadeportiva.com\/index.php\/wp-json\/wp\/v2\/types\/post"}],"author":[{"embeddable":true,"href":"https:\/\/trayectoriadeportiva.com\/index.php\/wp-json\/wp\/v2\/users\/1"}],"replies":[{"embeddable":true,"href":"https:\/\/trayectoriadeportiva.com\/index.php\/wp-json\/wp\/v2\/comments?post=29276"}],"version-history":[{"count":0,"href":"https:\/\/trayectoriadeportiva.com\/index.php\/wp-json\/wp\/v2\/posts\/29276\/revisions"}],"wp:featuredmedia":[{"embeddable":true,"href":"https:\/\/trayectoriadeportiva.com\/index.php\/wp-json\/wp\/v2\/media\/29277"}],"wp:attachment":[{"href":"https:\/\/trayectoriadeportiva.com\/index.php\/wp-json\/wp\/v2\/media?parent=29276"}],"wp:term":[{"taxonomy":"category","embeddable":true,"href":"https:\/\/trayectoriadeportiva.com\/index.php\/wp-json\/wp\/v2\/categories?post=29276"},{"taxonomy":"post_tag","embeddable":true,"href":"https:\/\/trayectoriadeportiva.com\/index.php\/wp-json\/wp\/v2\/tags?post=29276"}],"curies":[{"name":"wp","href":"https:\/\/api.w.org\/{rel}","templated":true}]}}