{"id":29333,"date":"2025-05-12T12:57:24","date_gmt":"2025-05-12T12:57:24","guid":{"rendered":"https:\/\/trayectoriadeportiva.com\/index.php\/2025\/05\/12\/avance-en-la-renovacion-de-flick-va-por-buen-camino\/"},"modified":"2025-05-12T12:57:24","modified_gmt":"2025-05-12T12:57:24","slug":"avance-en-la-renovacion-de-flick-va-por-buen-camino","status":"publish","type":"post","link":"https:\/\/trayectoriadeportiva.com\/index.php\/2025\/05\/12\/avance-en-la-renovacion-de-flick-va-por-buen-camino\/","title":{"rendered":"Avance en la renovaci\u00f3n de Flick: \u201cVa por buen camino\u201d"},"content":{"rendered":"<p>Hansi Flick <a href=\"https:\/\/www.lavanguardia.com\/deportes\/fc-barcelona\/20250511\/10669877\/barca-madrid-flick-liga.html\">ha ganado sus cuatro primeros cl\u00e1sicos con el Real Madrid<\/a>, algo que solo hab\u00eda conseguido Pep Guardiola \u2013venci\u00f3 cinco del tir\u00f3n entre 2008 y 2010\u2013. El t\u00e9cnico lo celebr\u00f3 en una cena en restaurante de Barcelona con familia y amigos, entre los que se encontraba su representante, Pini Zahavi. Seg\u00fan adelant\u00f3 <i>Mundo Deportivo<\/i>, en la recta final del \u00e1gape se uni\u00f3 a la mesa el presidente del FC Barcelona, Joan Laporta. Aprovechando que se encontraba con el t\u00e9cnico y el agente, el mandatario volvi\u00f3 a profundizar en la idea de prorrogar una temporada m\u00e1s el contrato de Flick.<\/p>\n<p><a href=\"https:\/\/www.lavanguardia.com\/deportes\/fc-barcelona\/20250512\/10672983\/avance-renovacion-flick-buen-camino.html\">Seguir leyendo&#8230;<\/a><\/p>","protected":false},"excerpt":{"rendered":"<p>Hansi Flick ha ganado sus cuatro primeros cl\u00e1sicos con el Real Madrid, algo que solo hab\u00eda conseguido Pep Guardiola \u2013venci\u00f3 cinco del tir\u00f3n entre 2008 y 2010\u2013. El t\u00e9cnico lo celebr\u00f3 en una cena en restaurante de Barcelona con familia y amigos, entre los que se encontraba su representante, Pini Zahavi. Seg\u00fan adelant\u00f3 Mundo Deportivo, [&hellip;]<\/p>\n","protected":false},"author":1,"featured_media":29334,"comment_status":"","ping_status":"","sticky":false,"template":"","format":"standard","meta":{"_et_pb_use_builder":"","_et_pb_old_content":"","_et_gb_content_width":"","footnotes":""},"categories":[1],"tags":[],"class_list":["post-29333","post","type-post","status-publish","format-standard","has-post-thumbnail","hentry","category-blog","et-has-post-format-content","et_post_format-et-post-format-standard"],"_links":{"self":[{"href":"https:\/\/trayectoriadeportiva.com\/index.php\/wp-json\/wp\/v2\/posts\/29333","targetHints":{"allow":["GET"]}}],"collection":[{"href":"https:\/\/trayectoriadeportiva.com\/index.php\/wp-json\/wp\/v2\/posts"}],"about":[{"href":"https:\/\/trayectoriadeportiva.com\/index.php\/wp-json\/wp\/v2\/types\/post"}],"author":[{"embeddable":true,"href":"https:\/\/trayectoriadeportiva.com\/index.php\/wp-json\/wp\/v2\/users\/1"}],"replies":[{"embeddable":true,"href":"https:\/\/trayectoriadeportiva.com\/index.php\/wp-json\/wp\/v2\/comments?post=29333"}],"version-history":[{"count":0,"href":"https:\/\/trayectoriadeportiva.com\/index.php\/wp-json\/wp\/v2\/posts\/29333\/revisions"}],"wp:featuredmedia":[{"embeddable":true,"href":"https:\/\/trayectoriadeportiva.com\/index.php\/wp-json\/wp\/v2\/media\/29334"}],"wp:attachment":[{"href":"https:\/\/trayectoriadeportiva.com\/index.php\/wp-json\/wp\/v2\/media?parent=29333"}],"wp:term":[{"taxonomy":"category","embeddable":true,"href":"https:\/\/trayectoriadeportiva.com\/index.php\/wp-json\/wp\/v2\/categories?post=29333"},{"taxonomy":"post_tag","embeddable":true,"href":"https:\/\/trayectoriadeportiva.com\/index.php\/wp-json\/wp\/v2\/tags?post=29333"}],"curies":[{"name":"wp","href":"https:\/\/api.w.org\/{rel}","templated":true}]}}