{"id":29388,"date":"2025-05-14T04:00:00","date_gmt":"2025-05-14T04:00:00","guid":{"rendered":"https:\/\/trayectoriadeportiva.com\/index.php\/2025\/05\/14\/un-derbi-de-lo-mas-inoportuno-o-no\/"},"modified":"2025-05-14T04:00:00","modified_gmt":"2025-05-14T04:00:00","slug":"un-derbi-de-lo-mas-inoportuno-o-no","status":"publish","type":"post","link":"https:\/\/trayectoriadeportiva.com\/index.php\/2025\/05\/14\/un-derbi-de-lo-mas-inoportuno-o-no\/","title":{"rendered":"Un derbi de lo m\u00e1s inoportuno, o no"},"content":{"rendered":"<p>Tres jornadas y cinco puntos de margen sobre el descenso era, a principio de temporada, un escenario so\u00f1ado por el Espanyol. Pero el inoportuno derbi ante un Bar\u00e7a lanzado que puede y quiere proclamarse campe\u00f3n de nuevo en Cornell\u00e0 ha elevado el nivel de tensi\u00f3n entre los aficionados blanquiazules. Hist\u00f3ricos jugadores pericos analizan para<i> La Vanguardia <\/i>la situaci\u00f3n a la que se enfrenta el equipo en esta recta final de Liga.<\/p>\n<p><a href=\"https:\/\/www.lavanguardia.com\/deportes\/rcde-espanyol\/20250514\/10678492\/espanyol-barcelona-derbi-mas-inoportuno-longhi-moises-hurtado-arteaga.html\">Seguir leyendo&#8230;<\/a><\/p>","protected":false},"excerpt":{"rendered":"<p>Tres jornadas y cinco puntos de margen sobre el descenso era, a principio de temporada, un escenario so\u00f1ado por el Espanyol. Pero el inoportuno derbi ante un Bar\u00e7a lanzado que puede y quiere proclamarse campe\u00f3n de nuevo en Cornell\u00e0 ha elevado el nivel de tensi\u00f3n entre los aficionados blanquiazules. Hist\u00f3ricos jugadores pericos analizan para La [&hellip;]<\/p>\n","protected":false},"author":1,"featured_media":29389,"comment_status":"","ping_status":"","sticky":false,"template":"","format":"standard","meta":{"_et_pb_use_builder":"","_et_pb_old_content":"","_et_gb_content_width":"","footnotes":""},"categories":[1],"tags":[],"class_list":["post-29388","post","type-post","status-publish","format-standard","has-post-thumbnail","hentry","category-blog","et-has-post-format-content","et_post_format-et-post-format-standard"],"_links":{"self":[{"href":"https:\/\/trayectoriadeportiva.com\/index.php\/wp-json\/wp\/v2\/posts\/29388","targetHints":{"allow":["GET"]}}],"collection":[{"href":"https:\/\/trayectoriadeportiva.com\/index.php\/wp-json\/wp\/v2\/posts"}],"about":[{"href":"https:\/\/trayectoriadeportiva.com\/index.php\/wp-json\/wp\/v2\/types\/post"}],"author":[{"embeddable":true,"href":"https:\/\/trayectoriadeportiva.com\/index.php\/wp-json\/wp\/v2\/users\/1"}],"replies":[{"embeddable":true,"href":"https:\/\/trayectoriadeportiva.com\/index.php\/wp-json\/wp\/v2\/comments?post=29388"}],"version-history":[{"count":0,"href":"https:\/\/trayectoriadeportiva.com\/index.php\/wp-json\/wp\/v2\/posts\/29388\/revisions"}],"wp:featuredmedia":[{"embeddable":true,"href":"https:\/\/trayectoriadeportiva.com\/index.php\/wp-json\/wp\/v2\/media\/29389"}],"wp:attachment":[{"href":"https:\/\/trayectoriadeportiva.com\/index.php\/wp-json\/wp\/v2\/media?parent=29388"}],"wp:term":[{"taxonomy":"category","embeddable":true,"href":"https:\/\/trayectoriadeportiva.com\/index.php\/wp-json\/wp\/v2\/categories?post=29388"},{"taxonomy":"post_tag","embeddable":true,"href":"https:\/\/trayectoriadeportiva.com\/index.php\/wp-json\/wp\/v2\/tags?post=29388"}],"curies":[{"name":"wp","href":"https:\/\/api.w.org\/{rel}","templated":true}]}}