{"id":29577,"date":"2025-05-17T16:45:56","date_gmt":"2025-05-17T16:45:56","guid":{"rendered":"https:\/\/trayectoriadeportiva.com\/index.php\/2025\/05\/17\/ulissi-recupera-la-maglia-rosa-para-italia\/"},"modified":"2025-05-17T16:45:56","modified_gmt":"2025-05-17T16:45:56","slug":"ulissi-recupera-la-maglia-rosa-para-italia","status":"publish","type":"post","link":"https:\/\/trayectoriadeportiva.com\/index.php\/2025\/05\/17\/ulissi-recupera-la-maglia-rosa-para-italia\/","title":{"rendered":"Ulissi recupera la maglia rosa para Italia"},"content":{"rendered":"<p>El 13 de mayo del 2021, Leo Messi a\u00fan jugaba en el Barcelona, que entrenaba Koeman. Hansi Flick era el t\u00e9cnico del Bayern. A\u00fan se ve\u00edan mascarillas en las calles por el covid. Ese d\u00eda en el Giro, Alessandro de Marchi perdi\u00f3 la maglia rosa en una etapa que gan\u00f3 el malogrado Gino M\u00e4der. Desde entonces han pasado cuatro a\u00f1os y cuatro d\u00edas y ning\u00fan ciclista italiano se hab\u00eda vuelto a enfundar la prenda de l\u00edder de la carrera. Italia hab\u00eda casi desaparecido en su propia prueba, algo como una pizzer\u00eda sin pizzas.<\/p>\n<p><a href=\"https:\/\/www.lavanguardia.com\/deportes\/20250517\/10692723\/ulissi-recupera-maglia-rosa-italia.html\">Seguir leyendo&#8230;<\/a><\/p>","protected":false},"excerpt":{"rendered":"<p>El 13 de mayo del 2021, Leo Messi a\u00fan jugaba en el Barcelona, que entrenaba Koeman. Hansi Flick era el t\u00e9cnico del Bayern. A\u00fan se ve\u00edan mascarillas en las calles por el covid. Ese d\u00eda en el Giro, Alessandro de Marchi perdi\u00f3 la maglia rosa en una etapa que gan\u00f3 el malogrado Gino M\u00e4der. Desde [&hellip;]<\/p>\n","protected":false},"author":1,"featured_media":29578,"comment_status":"","ping_status":"","sticky":false,"template":"","format":"standard","meta":{"_et_pb_use_builder":"","_et_pb_old_content":"","_et_gb_content_width":"","footnotes":""},"categories":[1],"tags":[],"class_list":["post-29577","post","type-post","status-publish","format-standard","has-post-thumbnail","hentry","category-blog","et-has-post-format-content","et_post_format-et-post-format-standard"],"_links":{"self":[{"href":"https:\/\/trayectoriadeportiva.com\/index.php\/wp-json\/wp\/v2\/posts\/29577","targetHints":{"allow":["GET"]}}],"collection":[{"href":"https:\/\/trayectoriadeportiva.com\/index.php\/wp-json\/wp\/v2\/posts"}],"about":[{"href":"https:\/\/trayectoriadeportiva.com\/index.php\/wp-json\/wp\/v2\/types\/post"}],"author":[{"embeddable":true,"href":"https:\/\/trayectoriadeportiva.com\/index.php\/wp-json\/wp\/v2\/users\/1"}],"replies":[{"embeddable":true,"href":"https:\/\/trayectoriadeportiva.com\/index.php\/wp-json\/wp\/v2\/comments?post=29577"}],"version-history":[{"count":0,"href":"https:\/\/trayectoriadeportiva.com\/index.php\/wp-json\/wp\/v2\/posts\/29577\/revisions"}],"wp:featuredmedia":[{"embeddable":true,"href":"https:\/\/trayectoriadeportiva.com\/index.php\/wp-json\/wp\/v2\/media\/29578"}],"wp:attachment":[{"href":"https:\/\/trayectoriadeportiva.com\/index.php\/wp-json\/wp\/v2\/media?parent=29577"}],"wp:term":[{"taxonomy":"category","embeddable":true,"href":"https:\/\/trayectoriadeportiva.com\/index.php\/wp-json\/wp\/v2\/categories?post=29577"},{"taxonomy":"post_tag","embeddable":true,"href":"https:\/\/trayectoriadeportiva.com\/index.php\/wp-json\/wp\/v2\/tags?post=29577"}],"curies":[{"name":"wp","href":"https:\/\/api.w.org\/{rel}","templated":true}]}}