{"id":29601,"date":"2025-05-18T04:00:00","date_gmt":"2025-05-18T04:00:00","guid":{"rendered":"https:\/\/trayectoriadeportiva.com\/index.php\/2025\/05\/18\/como-no-te-voy-a-querer\/"},"modified":"2025-05-18T04:00:00","modified_gmt":"2025-05-18T04:00:00","slug":"como-no-te-voy-a-querer","status":"publish","type":"post","link":"https:\/\/trayectoriadeportiva.com\/index.php\/2025\/05\/18\/como-no-te-voy-a-querer\/","title":{"rendered":"C\u00f3mo no te voy a querer"},"content":{"rendered":"<p>Me he pasado media temporada durmiendo en la habitaci\u00f3n de un cr\u00edo de once a\u00f1os y la otra viendo con \u00e9l partidos del Real Madrid por televisi\u00f3n. Conviene aclarar algunas cosas. Primero de todo que cuando dorm\u00eda en su cama, Ricki estaba en casa de su madre. De hecho, el chaval desconoce que, en su ausencia, ocupamos la misma cama nido SL\u00c4KT de color blanco, 90 x 200 cm con colch\u00f3n de espuma AFJ\u00c4LL.<\/p>\n<p><a href=\"https:\/\/www.lavanguardia.com\/opinion\/20250518\/10692670\/como-te-querer.html\">Seguir leyendo&#8230;<\/a><\/p>","protected":false},"excerpt":{"rendered":"<p>Me he pasado media temporada durmiendo en la habitaci\u00f3n de un cr\u00edo de once a\u00f1os y la otra viendo con \u00e9l partidos del Real Madrid por televisi\u00f3n. Conviene aclarar algunas cosas. Primero de todo que cuando dorm\u00eda en su cama, Ricki estaba en casa de su madre. De hecho, el chaval desconoce que, en su [&hellip;]<\/p>\n","protected":false},"author":1,"featured_media":29602,"comment_status":"","ping_status":"","sticky":false,"template":"","format":"standard","meta":{"_et_pb_use_builder":"","_et_pb_old_content":"","_et_gb_content_width":"","footnotes":""},"categories":[1],"tags":[],"class_list":["post-29601","post","type-post","status-publish","format-standard","has-post-thumbnail","hentry","category-blog","et-has-post-format-content","et_post_format-et-post-format-standard"],"_links":{"self":[{"href":"https:\/\/trayectoriadeportiva.com\/index.php\/wp-json\/wp\/v2\/posts\/29601","targetHints":{"allow":["GET"]}}],"collection":[{"href":"https:\/\/trayectoriadeportiva.com\/index.php\/wp-json\/wp\/v2\/posts"}],"about":[{"href":"https:\/\/trayectoriadeportiva.com\/index.php\/wp-json\/wp\/v2\/types\/post"}],"author":[{"embeddable":true,"href":"https:\/\/trayectoriadeportiva.com\/index.php\/wp-json\/wp\/v2\/users\/1"}],"replies":[{"embeddable":true,"href":"https:\/\/trayectoriadeportiva.com\/index.php\/wp-json\/wp\/v2\/comments?post=29601"}],"version-history":[{"count":0,"href":"https:\/\/trayectoriadeportiva.com\/index.php\/wp-json\/wp\/v2\/posts\/29601\/revisions"}],"wp:featuredmedia":[{"embeddable":true,"href":"https:\/\/trayectoriadeportiva.com\/index.php\/wp-json\/wp\/v2\/media\/29602"}],"wp:attachment":[{"href":"https:\/\/trayectoriadeportiva.com\/index.php\/wp-json\/wp\/v2\/media?parent=29601"}],"wp:term":[{"taxonomy":"category","embeddable":true,"href":"https:\/\/trayectoriadeportiva.com\/index.php\/wp-json\/wp\/v2\/categories?post=29601"},{"taxonomy":"post_tag","embeddable":true,"href":"https:\/\/trayectoriadeportiva.com\/index.php\/wp-json\/wp\/v2\/tags?post=29601"}],"curies":[{"name":"wp","href":"https:\/\/api.w.org\/{rel}","templated":true}]}}