{"id":29625,"date":"2025-05-18T16:08:25","date_gmt":"2025-05-18T16:08:25","guid":{"rendered":"https:\/\/trayectoriadeportiva.com\/index.php\/2025\/05\/18\/flick-no-se-guarda-nada-para-la-ultima-fiesta-en-montjuic\/"},"modified":"2025-05-18T16:08:25","modified_gmt":"2025-05-18T16:08:25","slug":"flick-no-se-guarda-nada-para-la-ultima-fiesta-en-montjuic","status":"publish","type":"post","link":"https:\/\/trayectoriadeportiva.com\/index.php\/2025\/05\/18\/flick-no-se-guarda-nada-para-la-ultima-fiesta-en-montjuic\/","title":{"rendered":"Flick no se guarda nada para la \u00faltima fiesta en Montju\u00efc"},"content":{"rendered":"<p>Ya lo dijo Hansi Flick:\u00a0 \u201cSi pueden salir de fiesta, pueden jugar. No hay excusas\u201d.\u00a0 Y as\u00ed ha sido. El t\u00e9cnico alem\u00e1n ha apostado por un once repleto de titulares para afrontar el pen\u00faltimo partido de la temporada ante el Villarreal y el \u00faltimo en el Estadi Ol\u00edmpic Llu\u00eds Companys. La \u00fanica diferencia considerable es que el alem\u00e1n recupera a su capit\u00e1n, Ter Stegen, que defender\u00e1 la porter\u00eda\u00a0 en la monta\u00f1a ol\u00edmpica. No jugaba aqu\u00ed desde la cuarta jornada de la Liga que se disput\u00f3 el pasado 31 de agosto contra el Valladolid.\u00a0<\/p>\n<p><a href=\"https:\/\/www.lavanguardia.com\/deportes\/fc-barcelona\/20250518\/10694465\/once-barca-villarreal-penultimo-partido-liga-campeones-montjuic.html\">Seguir leyendo&#8230;<\/a><\/p>","protected":false},"excerpt":{"rendered":"<p>Ya lo dijo Hansi Flick:\u00a0 \u201cSi pueden salir de fiesta, pueden jugar. No hay excusas\u201d.\u00a0 Y as\u00ed ha sido. El t\u00e9cnico alem\u00e1n ha apostado por un once repleto de titulares para afrontar el pen\u00faltimo partido de la temporada ante el Villarreal y el \u00faltimo en el Estadi Ol\u00edmpic Llu\u00eds Companys. La \u00fanica diferencia considerable es [&hellip;]<\/p>\n","protected":false},"author":1,"featured_media":29626,"comment_status":"","ping_status":"","sticky":false,"template":"","format":"standard","meta":{"_et_pb_use_builder":"","_et_pb_old_content":"","_et_gb_content_width":"","footnotes":""},"categories":[1],"tags":[],"class_list":["post-29625","post","type-post","status-publish","format-standard","has-post-thumbnail","hentry","category-blog","et-has-post-format-content","et_post_format-et-post-format-standard"],"_links":{"self":[{"href":"https:\/\/trayectoriadeportiva.com\/index.php\/wp-json\/wp\/v2\/posts\/29625","targetHints":{"allow":["GET"]}}],"collection":[{"href":"https:\/\/trayectoriadeportiva.com\/index.php\/wp-json\/wp\/v2\/posts"}],"about":[{"href":"https:\/\/trayectoriadeportiva.com\/index.php\/wp-json\/wp\/v2\/types\/post"}],"author":[{"embeddable":true,"href":"https:\/\/trayectoriadeportiva.com\/index.php\/wp-json\/wp\/v2\/users\/1"}],"replies":[{"embeddable":true,"href":"https:\/\/trayectoriadeportiva.com\/index.php\/wp-json\/wp\/v2\/comments?post=29625"}],"version-history":[{"count":0,"href":"https:\/\/trayectoriadeportiva.com\/index.php\/wp-json\/wp\/v2\/posts\/29625\/revisions"}],"wp:featuredmedia":[{"embeddable":true,"href":"https:\/\/trayectoriadeportiva.com\/index.php\/wp-json\/wp\/v2\/media\/29626"}],"wp:attachment":[{"href":"https:\/\/trayectoriadeportiva.com\/index.php\/wp-json\/wp\/v2\/media?parent=29625"}],"wp:term":[{"taxonomy":"category","embeddable":true,"href":"https:\/\/trayectoriadeportiva.com\/index.php\/wp-json\/wp\/v2\/categories?post=29625"},{"taxonomy":"post_tag","embeddable":true,"href":"https:\/\/trayectoriadeportiva.com\/index.php\/wp-json\/wp\/v2\/tags?post=29625"}],"curies":[{"name":"wp","href":"https:\/\/api.w.org\/{rel}","templated":true}]}}