{"id":29808,"date":"2025-05-23T04:00:00","date_gmt":"2025-05-23T04:00:00","guid":{"rendered":"https:\/\/trayectoriadeportiva.com\/index.php\/2025\/05\/23\/los-mossos-y-cornella-revisan-la-movilidad-del-estadio-del-espanyol\/"},"modified":"2025-05-23T04:00:00","modified_gmt":"2025-05-23T04:00:00","slug":"los-mossos-y-cornella-revisan-la-movilidad-del-estadio-del-espanyol","status":"publish","type":"post","link":"https:\/\/trayectoriadeportiva.com\/index.php\/2025\/05\/23\/los-mossos-y-cornella-revisan-la-movilidad-del-estadio-del-espanyol\/","title":{"rendered":"Los Mossos y Cornell\u00e0 revisan la movilidad del estadio del Espanyol"},"content":{"rendered":"<p>Mientras sigue el curso del proceso judicial sobre el incidente que en el \u00faltimo partido entre el RCD Espanyol y el FC Barcelona dej\u00f3 17 heridos, uno en estado cr\u00edtico, v\u00edctimas de un atropello, las autoridades competentes han decidido revisar los protocolos de movilidad en las cercan\u00edas del estadio, en el \u00e1mbito de Cornell\u00e0 de Llobregat. .\u201cHay un trabajo de movilidad que los Mossos, y especialmente el Ayuntamiento, tenemos que hacer de cara al futuro\u201d, se\u00f1ala a<i> La Vanguardia <\/i>la consellera de Interior de la Generalitat de Catalunya, N\u00faria Parlon. El objetivo es \u201cminimizar riesgos\u201d.<\/p>\n<p><a href=\"https:\/\/www.lavanguardia.com\/local\/baix-llobregat\/20250523\/10711582\/mossos-cornella-revisan-movilidad-estadio-espanyol.html\">Seguir leyendo&#8230;<\/a><\/p>","protected":false},"excerpt":{"rendered":"<p>Mientras sigue el curso del proceso judicial sobre el incidente que en el \u00faltimo partido entre el RCD Espanyol y el FC Barcelona dej\u00f3 17 heridos, uno en estado cr\u00edtico, v\u00edctimas de un atropello, las autoridades competentes han decidido revisar los protocolos de movilidad en las cercan\u00edas del estadio, en el \u00e1mbito de Cornell\u00e0 de [&hellip;]<\/p>\n","protected":false},"author":1,"featured_media":29809,"comment_status":"","ping_status":"","sticky":false,"template":"","format":"standard","meta":{"_et_pb_use_builder":"","_et_pb_old_content":"","_et_gb_content_width":"","footnotes":""},"categories":[1],"tags":[],"class_list":["post-29808","post","type-post","status-publish","format-standard","has-post-thumbnail","hentry","category-blog","et-has-post-format-content","et_post_format-et-post-format-standard"],"_links":{"self":[{"href":"https:\/\/trayectoriadeportiva.com\/index.php\/wp-json\/wp\/v2\/posts\/29808","targetHints":{"allow":["GET"]}}],"collection":[{"href":"https:\/\/trayectoriadeportiva.com\/index.php\/wp-json\/wp\/v2\/posts"}],"about":[{"href":"https:\/\/trayectoriadeportiva.com\/index.php\/wp-json\/wp\/v2\/types\/post"}],"author":[{"embeddable":true,"href":"https:\/\/trayectoriadeportiva.com\/index.php\/wp-json\/wp\/v2\/users\/1"}],"replies":[{"embeddable":true,"href":"https:\/\/trayectoriadeportiva.com\/index.php\/wp-json\/wp\/v2\/comments?post=29808"}],"version-history":[{"count":0,"href":"https:\/\/trayectoriadeportiva.com\/index.php\/wp-json\/wp\/v2\/posts\/29808\/revisions"}],"wp:featuredmedia":[{"embeddable":true,"href":"https:\/\/trayectoriadeportiva.com\/index.php\/wp-json\/wp\/v2\/media\/29809"}],"wp:attachment":[{"href":"https:\/\/trayectoriadeportiva.com\/index.php\/wp-json\/wp\/v2\/media?parent=29808"}],"wp:term":[{"taxonomy":"category","embeddable":true,"href":"https:\/\/trayectoriadeportiva.com\/index.php\/wp-json\/wp\/v2\/categories?post=29808"},{"taxonomy":"post_tag","embeddable":true,"href":"https:\/\/trayectoriadeportiva.com\/index.php\/wp-json\/wp\/v2\/tags?post=29808"}],"curies":[{"name":"wp","href":"https:\/\/api.w.org\/{rel}","templated":true}]}}