{"id":2985,"date":"2023-11-21T05:00:00","date_gmt":"2023-11-21T05:00:00","guid":{"rendered":"https:\/\/trayectoriadeportiva.com\/index.php\/2023\/11\/21\/gavi-se-rompe-del-todo\/"},"modified":"2023-11-21T05:00:00","modified_gmt":"2023-11-21T05:00:00","slug":"gavi-se-rompe-del-todo","status":"publish","type":"post","link":"https:\/\/trayectoriadeportiva.com\/index.php\/2023\/11\/21\/gavi-se-rompe-del-todo\/","title":{"rendered":"Gavi se rompe del todo"},"content":{"rendered":"<p>Que Gavi ten\u00eda una lesi\u00f3n grave en la rodilla derecha nadie lo dudaba desde el domingo por la noche. La cara de susto y las l\u00e1grimas de dolor del joven futbolista del FC Barcelona, as\u00ed como las primeras exploraciones de los doctores de la selecci\u00f3n espa\u00f1ola en la articulaci\u00f3n hac\u00edan temer que el quir\u00f3fano era inevitable y que la temporada se hab\u00eda acabado para \u00e9l.<\/p>\n<p><a href=\"https:\/\/www.lavanguardia.com\/deportes\/fc-barcelona\/20231121\/9393297\/gavi-se-rompe-del-todo-rodilla-barcelona-espana.html\">Seguir leyendo&#8230;<\/a><\/p>","protected":false},"excerpt":{"rendered":"<p>Que Gavi ten\u00eda una lesi\u00f3n grave en la rodilla derecha nadie lo dudaba desde el domingo por la noche. La cara de susto y las l\u00e1grimas de dolor del joven futbolista del FC Barcelona, as\u00ed como las primeras exploraciones de los doctores de la selecci\u00f3n espa\u00f1ola en la articulaci\u00f3n hac\u00edan temer que el quir\u00f3fano era [&hellip;]<\/p>\n","protected":false},"author":0,"featured_media":2986,"comment_status":"","ping_status":"","sticky":false,"template":"","format":"standard","meta":{"_et_pb_use_builder":"","_et_pb_old_content":"","_et_gb_content_width":"","footnotes":""},"categories":[1],"tags":[],"class_list":["post-2985","post","type-post","status-publish","format-standard","has-post-thumbnail","hentry","category-blog","et-has-post-format-content","et_post_format-et-post-format-standard"],"_links":{"self":[{"href":"https:\/\/trayectoriadeportiva.com\/index.php\/wp-json\/wp\/v2\/posts\/2985","targetHints":{"allow":["GET"]}}],"collection":[{"href":"https:\/\/trayectoriadeportiva.com\/index.php\/wp-json\/wp\/v2\/posts"}],"about":[{"href":"https:\/\/trayectoriadeportiva.com\/index.php\/wp-json\/wp\/v2\/types\/post"}],"replies":[{"embeddable":true,"href":"https:\/\/trayectoriadeportiva.com\/index.php\/wp-json\/wp\/v2\/comments?post=2985"}],"version-history":[{"count":0,"href":"https:\/\/trayectoriadeportiva.com\/index.php\/wp-json\/wp\/v2\/posts\/2985\/revisions"}],"wp:featuredmedia":[{"embeddable":true,"href":"https:\/\/trayectoriadeportiva.com\/index.php\/wp-json\/wp\/v2\/media\/2986"}],"wp:attachment":[{"href":"https:\/\/trayectoriadeportiva.com\/index.php\/wp-json\/wp\/v2\/media?parent=2985"}],"wp:term":[{"taxonomy":"category","embeddable":true,"href":"https:\/\/trayectoriadeportiva.com\/index.php\/wp-json\/wp\/v2\/categories?post=2985"},{"taxonomy":"post_tag","embeddable":true,"href":"https:\/\/trayectoriadeportiva.com\/index.php\/wp-json\/wp\/v2\/tags?post=2985"}],"curies":[{"name":"wp","href":"https:\/\/api.w.org\/{rel}","templated":true}]}}