{"id":29984,"date":"2025-05-26T09:40:16","date_gmt":"2025-05-26T09:40:16","guid":{"rendered":"https:\/\/trayectoriadeportiva.com\/index.php\/2025\/05\/26\/isco-gavi-y-fermin-regresan-con-espana-para-disputar-la-fase-final-de-la-nations-league\/"},"modified":"2025-05-26T09:40:16","modified_gmt":"2025-05-26T09:40:16","slug":"isco-gavi-y-fermin-regresan-con-espana-para-disputar-la-fase-final-de-la-nations-league","status":"publish","type":"post","link":"https:\/\/trayectoriadeportiva.com\/index.php\/2025\/05\/26\/isco-gavi-y-fermin-regresan-con-espana-para-disputar-la-fase-final-de-la-nations-league\/","title":{"rendered":"Isco, Gavi y Ferm\u00edn regresan con Espa\u00f1a para disputar la fase final de la Nations League"},"content":{"rendered":"<p>El regreso de Isco Alarc\u00f3n, cerebro del Betis, de Ferm\u00edn y de Gavi, centrocampistas del Bar\u00e7a, son las grandes novedades en la lista de convocados que ha facilitado este lunes Luis de la Fuente, seleccionador espa\u00f1ol, de cara a la disputa de la fase final de la Nations League la pr\u00f3xima semana.<\/p>\n<p><a href=\"https:\/\/www.lavanguardia.com\/deportes\/futbol\/20250526\/10720213\/luis-de-la-fuente-convocatoria-nations-league-espana.html\">Seguir leyendo&#8230;<\/a><\/p>","protected":false},"excerpt":{"rendered":"<p>El regreso de Isco Alarc\u00f3n, cerebro del Betis, de Ferm\u00edn y de Gavi, centrocampistas del Bar\u00e7a, son las grandes novedades en la lista de convocados que ha facilitado este lunes Luis de la Fuente, seleccionador espa\u00f1ol, de cara a la disputa de la fase final de la Nations League la pr\u00f3xima semana. Seguir leyendo&#8230;<\/p>\n","protected":false},"author":1,"featured_media":29985,"comment_status":"","ping_status":"","sticky":false,"template":"","format":"standard","meta":{"_et_pb_use_builder":"","_et_pb_old_content":"","_et_gb_content_width":"","footnotes":""},"categories":[1],"tags":[],"class_list":["post-29984","post","type-post","status-publish","format-standard","has-post-thumbnail","hentry","category-blog","et-has-post-format-content","et_post_format-et-post-format-standard"],"_links":{"self":[{"href":"https:\/\/trayectoriadeportiva.com\/index.php\/wp-json\/wp\/v2\/posts\/29984","targetHints":{"allow":["GET"]}}],"collection":[{"href":"https:\/\/trayectoriadeportiva.com\/index.php\/wp-json\/wp\/v2\/posts"}],"about":[{"href":"https:\/\/trayectoriadeportiva.com\/index.php\/wp-json\/wp\/v2\/types\/post"}],"author":[{"embeddable":true,"href":"https:\/\/trayectoriadeportiva.com\/index.php\/wp-json\/wp\/v2\/users\/1"}],"replies":[{"embeddable":true,"href":"https:\/\/trayectoriadeportiva.com\/index.php\/wp-json\/wp\/v2\/comments?post=29984"}],"version-history":[{"count":0,"href":"https:\/\/trayectoriadeportiva.com\/index.php\/wp-json\/wp\/v2\/posts\/29984\/revisions"}],"wp:featuredmedia":[{"embeddable":true,"href":"https:\/\/trayectoriadeportiva.com\/index.php\/wp-json\/wp\/v2\/media\/29985"}],"wp:attachment":[{"href":"https:\/\/trayectoriadeportiva.com\/index.php\/wp-json\/wp\/v2\/media?parent=29984"}],"wp:term":[{"taxonomy":"category","embeddable":true,"href":"https:\/\/trayectoriadeportiva.com\/index.php\/wp-json\/wp\/v2\/categories?post=29984"},{"taxonomy":"post_tag","embeddable":true,"href":"https:\/\/trayectoriadeportiva.com\/index.php\/wp-json\/wp\/v2\/tags?post=29984"}],"curies":[{"name":"wp","href":"https:\/\/api.w.org\/{rel}","templated":true}]}}