{"id":30016,"date":"2025-05-27T04:00:00","date_gmt":"2025-05-27T04:00:00","guid":{"rendered":"https:\/\/trayectoriadeportiva.com\/index.php\/2025\/05\/27\/amplio-consenso-politico-para-modificar-la-ley-de-costas-y-salvar-los-clubes-de-playa\/"},"modified":"2025-05-27T04:00:00","modified_gmt":"2025-05-27T04:00:00","slug":"amplio-consenso-politico-para-modificar-la-ley-de-costas-y-salvar-los-clubes-de-playa","status":"publish","type":"post","link":"https:\/\/trayectoriadeportiva.com\/index.php\/2025\/05\/27\/amplio-consenso-politico-para-modificar-la-ley-de-costas-y-salvar-los-clubes-de-playa\/","title":{"rendered":"Amplio consenso pol\u00edtico para modificar la Ley de Costas y salvar los clubes de playa"},"content":{"rendered":"<p>La Federaci\u00f3 Catalana de Vela (FCV) amparada por la Uni\u00f3 de Federacions Esportives de Catalunya (UFEC) mantiene una estrategia paralela a los recursos judiciales de la entidad social, que permitir\u00eda salvar y, moment\u00e1neamente, imponer una moratoria sobre las ejecuciones dictadas por la Direcci\u00f3n General de Costas. En paralelo, el Tribunal Supremo, a petici\u00f3n de los servicios jur\u00eddicos del club, estudia si suspende el acuerdo impuesto por el Ministerio de Transici\u00f3n Ecol\u00f3gica.<\/p>\n<p><a href=\"https:\/\/www.lavanguardia.com\/local\/catalunya\/20250527\/10722682\/amplio-consenso-politico-modificar-ley-costas-salvar-clubes-playa.html\">Seguir leyendo&#8230;<\/a><\/p>","protected":false},"excerpt":{"rendered":"<p>La Federaci\u00f3 Catalana de Vela (FCV) amparada por la Uni\u00f3 de Federacions Esportives de Catalunya (UFEC) mantiene una estrategia paralela a los recursos judiciales de la entidad social, que permitir\u00eda salvar y, moment\u00e1neamente, imponer una moratoria sobre las ejecuciones dictadas por la Direcci\u00f3n General de Costas. En paralelo, el Tribunal Supremo, a petici\u00f3n de los [&hellip;]<\/p>\n","protected":false},"author":1,"featured_media":30017,"comment_status":"","ping_status":"","sticky":false,"template":"","format":"standard","meta":{"_et_pb_use_builder":"","_et_pb_old_content":"","_et_gb_content_width":"","footnotes":""},"categories":[1],"tags":[],"class_list":["post-30016","post","type-post","status-publish","format-standard","has-post-thumbnail","hentry","category-blog","et-has-post-format-content","et_post_format-et-post-format-standard"],"_links":{"self":[{"href":"https:\/\/trayectoriadeportiva.com\/index.php\/wp-json\/wp\/v2\/posts\/30016","targetHints":{"allow":["GET"]}}],"collection":[{"href":"https:\/\/trayectoriadeportiva.com\/index.php\/wp-json\/wp\/v2\/posts"}],"about":[{"href":"https:\/\/trayectoriadeportiva.com\/index.php\/wp-json\/wp\/v2\/types\/post"}],"author":[{"embeddable":true,"href":"https:\/\/trayectoriadeportiva.com\/index.php\/wp-json\/wp\/v2\/users\/1"}],"replies":[{"embeddable":true,"href":"https:\/\/trayectoriadeportiva.com\/index.php\/wp-json\/wp\/v2\/comments?post=30016"}],"version-history":[{"count":0,"href":"https:\/\/trayectoriadeportiva.com\/index.php\/wp-json\/wp\/v2\/posts\/30016\/revisions"}],"wp:featuredmedia":[{"embeddable":true,"href":"https:\/\/trayectoriadeportiva.com\/index.php\/wp-json\/wp\/v2\/media\/30017"}],"wp:attachment":[{"href":"https:\/\/trayectoriadeportiva.com\/index.php\/wp-json\/wp\/v2\/media?parent=30016"}],"wp:term":[{"taxonomy":"category","embeddable":true,"href":"https:\/\/trayectoriadeportiva.com\/index.php\/wp-json\/wp\/v2\/categories?post=30016"},{"taxonomy":"post_tag","embeddable":true,"href":"https:\/\/trayectoriadeportiva.com\/index.php\/wp-json\/wp\/v2\/tags?post=30016"}],"curies":[{"name":"wp","href":"https:\/\/api.w.org\/{rel}","templated":true}]}}