{"id":30049,"date":"2025-05-28T06:08:53","date_gmt":"2025-05-28T06:08:53","guid":{"rendered":"https:\/\/trayectoriadeportiva.com\/index.php\/2025\/05\/28\/el-betis-y-el-sueno-de-levantar-el-primer-titulo-europeo-de-su-historia-ante-el-chelsea\/"},"modified":"2025-05-28T06:08:53","modified_gmt":"2025-05-28T06:08:53","slug":"el-betis-y-el-sueno-de-levantar-el-primer-titulo-europeo-de-su-historia-ante-el-chelsea","status":"publish","type":"post","link":"https:\/\/trayectoriadeportiva.com\/index.php\/2025\/05\/28\/el-betis-y-el-sueno-de-levantar-el-primer-titulo-europeo-de-su-historia-ante-el-chelsea\/","title":{"rendered":"El Betis y el sue\u00f1o de levantar el primer t\u00edtulo europeo de su historia ante el Chelsea"},"content":{"rendered":"<p>Betis y Chelsea juegan este mi\u00e9rcoles en el Municipal de Breslavia (Polonia) la final de la Liga Conferencia, en la que el equipo verdiblanco tiene una cita con la historia ante uno de los grandes del f\u00fatbol europeo y en la que se miden maestro, el chileno Manuel Pellegrini, y disc\u00edpulo, el italiano Enzo Maresca.<\/p>\n<p><a href=\"https:\/\/www.lavanguardia.com\/deportes\/futbol\/20250528\/10727795\/betis-sueno-levantar-primer-titulo-europeo-historia-chelsea.html\">Seguir leyendo&#8230;<\/a><\/p>","protected":false},"excerpt":{"rendered":"<p>Betis y Chelsea juegan este mi\u00e9rcoles en el Municipal de Breslavia (Polonia) la final de la Liga Conferencia, en la que el equipo verdiblanco tiene una cita con la historia ante uno de los grandes del f\u00fatbol europeo y en la que se miden maestro, el chileno Manuel Pellegrini, y disc\u00edpulo, el italiano Enzo Maresca. [&hellip;]<\/p>\n","protected":false},"author":1,"featured_media":30050,"comment_status":"","ping_status":"","sticky":false,"template":"","format":"standard","meta":{"_et_pb_use_builder":"","_et_pb_old_content":"","_et_gb_content_width":"","footnotes":""},"categories":[1],"tags":[],"class_list":["post-30049","post","type-post","status-publish","format-standard","has-post-thumbnail","hentry","category-blog","et-has-post-format-content","et_post_format-et-post-format-standard"],"_links":{"self":[{"href":"https:\/\/trayectoriadeportiva.com\/index.php\/wp-json\/wp\/v2\/posts\/30049","targetHints":{"allow":["GET"]}}],"collection":[{"href":"https:\/\/trayectoriadeportiva.com\/index.php\/wp-json\/wp\/v2\/posts"}],"about":[{"href":"https:\/\/trayectoriadeportiva.com\/index.php\/wp-json\/wp\/v2\/types\/post"}],"author":[{"embeddable":true,"href":"https:\/\/trayectoriadeportiva.com\/index.php\/wp-json\/wp\/v2\/users\/1"}],"replies":[{"embeddable":true,"href":"https:\/\/trayectoriadeportiva.com\/index.php\/wp-json\/wp\/v2\/comments?post=30049"}],"version-history":[{"count":0,"href":"https:\/\/trayectoriadeportiva.com\/index.php\/wp-json\/wp\/v2\/posts\/30049\/revisions"}],"wp:featuredmedia":[{"embeddable":true,"href":"https:\/\/trayectoriadeportiva.com\/index.php\/wp-json\/wp\/v2\/media\/30050"}],"wp:attachment":[{"href":"https:\/\/trayectoriadeportiva.com\/index.php\/wp-json\/wp\/v2\/media?parent=30049"}],"wp:term":[{"taxonomy":"category","embeddable":true,"href":"https:\/\/trayectoriadeportiva.com\/index.php\/wp-json\/wp\/v2\/categories?post=30049"},{"taxonomy":"post_tag","embeddable":true,"href":"https:\/\/trayectoriadeportiva.com\/index.php\/wp-json\/wp\/v2\/tags?post=30049"}],"curies":[{"name":"wp","href":"https:\/\/api.w.org\/{rel}","templated":true}]}}