{"id":30095,"date":"2025-05-29T15:01:16","date_gmt":"2025-05-29T15:01:16","guid":{"rendered":"https:\/\/trayectoriadeportiva.com\/index.php\/2025\/05\/29\/real-madrid-revolucion-en-los-banquillos\/"},"modified":"2025-05-29T15:01:16","modified_gmt":"2025-05-29T15:01:16","slug":"real-madrid-revolucion-en-los-banquillos","status":"publish","type":"post","link":"https:\/\/trayectoriadeportiva.com\/index.php\/2025\/05\/29\/real-madrid-revolucion-en-los-banquillos\/","title":{"rendered":"Real Madrid: revoluci\u00f3n en los banquillos"},"content":{"rendered":"<p>A grandes males, grandes remedios. Despu\u00e9s de una temporada en la que las secciones profesionales de f\u00fatbol del Real Madrid no han respondido a la altas expectativas creadas, Florentino P\u00e9rez ha decidido hacer limpieza general en la parte t\u00e9cnica, un cambio de entrenadores para conseguir un nuevo impulso que afecta tanto al primer equipo de f\u00fatbol masculino como femenino as\u00ed como al primer filial, el Castilla, que milita en Primera Federaci\u00f3n.\u00a0<\/p>\n<p><a href=\"https:\/\/www.lavanguardia.com\/deportes\/real-madrid\/20250529\/10734606\/real-madrid-revolucion-banquillos.html\">Seguir leyendo&#8230;<\/a><\/p>","protected":false},"excerpt":{"rendered":"<p>A grandes males, grandes remedios. Despu\u00e9s de una temporada en la que las secciones profesionales de f\u00fatbol del Real Madrid no han respondido a la altas expectativas creadas, Florentino P\u00e9rez ha decidido hacer limpieza general en la parte t\u00e9cnica, un cambio de entrenadores para conseguir un nuevo impulso que afecta tanto al primer equipo de [&hellip;]<\/p>\n","protected":false},"author":1,"featured_media":30096,"comment_status":"","ping_status":"","sticky":false,"template":"","format":"standard","meta":{"_et_pb_use_builder":"","_et_pb_old_content":"","_et_gb_content_width":"","footnotes":""},"categories":[1],"tags":[],"class_list":["post-30095","post","type-post","status-publish","format-standard","has-post-thumbnail","hentry","category-blog","et-has-post-format-content","et_post_format-et-post-format-standard"],"_links":{"self":[{"href":"https:\/\/trayectoriadeportiva.com\/index.php\/wp-json\/wp\/v2\/posts\/30095","targetHints":{"allow":["GET"]}}],"collection":[{"href":"https:\/\/trayectoriadeportiva.com\/index.php\/wp-json\/wp\/v2\/posts"}],"about":[{"href":"https:\/\/trayectoriadeportiva.com\/index.php\/wp-json\/wp\/v2\/types\/post"}],"author":[{"embeddable":true,"href":"https:\/\/trayectoriadeportiva.com\/index.php\/wp-json\/wp\/v2\/users\/1"}],"replies":[{"embeddable":true,"href":"https:\/\/trayectoriadeportiva.com\/index.php\/wp-json\/wp\/v2\/comments?post=30095"}],"version-history":[{"count":0,"href":"https:\/\/trayectoriadeportiva.com\/index.php\/wp-json\/wp\/v2\/posts\/30095\/revisions"}],"wp:featuredmedia":[{"embeddable":true,"href":"https:\/\/trayectoriadeportiva.com\/index.php\/wp-json\/wp\/v2\/media\/30096"}],"wp:attachment":[{"href":"https:\/\/trayectoriadeportiva.com\/index.php\/wp-json\/wp\/v2\/media?parent=30095"}],"wp:term":[{"taxonomy":"category","embeddable":true,"href":"https:\/\/trayectoriadeportiva.com\/index.php\/wp-json\/wp\/v2\/categories?post=30095"},{"taxonomy":"post_tag","embeddable":true,"href":"https:\/\/trayectoriadeportiva.com\/index.php\/wp-json\/wp\/v2\/tags?post=30095"}],"curies":[{"name":"wp","href":"https:\/\/api.w.org\/{rel}","templated":true}]}}