{"id":30186,"date":"2025-06-01T04:00:00","date_gmt":"2025-06-01T04:00:00","guid":{"rendered":"https:\/\/trayectoriadeportiva.com\/index.php\/2025\/06\/01\/barry-y-el-aroma-de-las-castanas\/"},"modified":"2025-06-01T04:00:00","modified_gmt":"2025-06-01T04:00:00","slug":"barry-y-el-aroma-de-las-castanas","status":"publish","type":"post","link":"https:\/\/trayectoriadeportiva.com\/index.php\/2025\/06\/01\/barry-y-el-aroma-de-las-castanas\/","title":{"rendered":"Barry y el aroma de las casta\u00f1as"},"content":{"rendered":"<p>A Barry le gustaban las casta\u00f1as asadas porque le transportaban a un tiempo lejano, a su ni\u00f1ez. El aroma de casta\u00f1as era para \u00c1lvaro Barrantes,<i> Barry <\/i>, un atajo para volver a ser feliz: aquellos oto\u00f1os compartidos con sus padres y su hermano, aquellos octubres fr\u00edos de libertad y bromas con sus amigos del barrio, aquellos d\u00edas de curro en una oficina de Madrid junto a una plaza donde unas mujeres tostaban casta\u00f1as en las tardes de noviembre.<\/p>\n<p><a href=\"https:\/\/www.lavanguardia.com\/deportes\/20250601\/10741432\/barry-aroma-castanas.html\">Seguir leyendo&#8230;<\/a><\/p>","protected":false},"excerpt":{"rendered":"<p>A Barry le gustaban las casta\u00f1as asadas porque le transportaban a un tiempo lejano, a su ni\u00f1ez. El aroma de casta\u00f1as era para \u00c1lvaro Barrantes, Barry , un atajo para volver a ser feliz: aquellos oto\u00f1os compartidos con sus padres y su hermano, aquellos octubres fr\u00edos de libertad y bromas con sus amigos del barrio, [&hellip;]<\/p>\n","protected":false},"author":1,"featured_media":30187,"comment_status":"","ping_status":"","sticky":false,"template":"","format":"standard","meta":{"_et_pb_use_builder":"","_et_pb_old_content":"","_et_gb_content_width":"","footnotes":""},"categories":[1],"tags":[],"class_list":["post-30186","post","type-post","status-publish","format-standard","has-post-thumbnail","hentry","category-blog","et-has-post-format-content","et_post_format-et-post-format-standard"],"_links":{"self":[{"href":"https:\/\/trayectoriadeportiva.com\/index.php\/wp-json\/wp\/v2\/posts\/30186","targetHints":{"allow":["GET"]}}],"collection":[{"href":"https:\/\/trayectoriadeportiva.com\/index.php\/wp-json\/wp\/v2\/posts"}],"about":[{"href":"https:\/\/trayectoriadeportiva.com\/index.php\/wp-json\/wp\/v2\/types\/post"}],"author":[{"embeddable":true,"href":"https:\/\/trayectoriadeportiva.com\/index.php\/wp-json\/wp\/v2\/users\/1"}],"replies":[{"embeddable":true,"href":"https:\/\/trayectoriadeportiva.com\/index.php\/wp-json\/wp\/v2\/comments?post=30186"}],"version-history":[{"count":0,"href":"https:\/\/trayectoriadeportiva.com\/index.php\/wp-json\/wp\/v2\/posts\/30186\/revisions"}],"wp:featuredmedia":[{"embeddable":true,"href":"https:\/\/trayectoriadeportiva.com\/index.php\/wp-json\/wp\/v2\/media\/30187"}],"wp:attachment":[{"href":"https:\/\/trayectoriadeportiva.com\/index.php\/wp-json\/wp\/v2\/media?parent=30186"}],"wp:term":[{"taxonomy":"category","embeddable":true,"href":"https:\/\/trayectoriadeportiva.com\/index.php\/wp-json\/wp\/v2\/categories?post=30186"},{"taxonomy":"post_tag","embeddable":true,"href":"https:\/\/trayectoriadeportiva.com\/index.php\/wp-json\/wp\/v2\/tags?post=30186"}],"curies":[{"name":"wp","href":"https:\/\/api.w.org\/{rel}","templated":true}]}}