{"id":30218,"date":"2025-06-01T19:09:58","date_gmt":"2025-06-01T19:09:58","guid":{"rendered":"https:\/\/trayectoriadeportiva.com\/index.php\/2025\/06\/01\/eder-sarabia-devuelve-al-elche-a-primera-division\/"},"modified":"2025-06-01T19:09:58","modified_gmt":"2025-06-01T19:09:58","slug":"eder-sarabia-devuelve-al-elche-a-primera-division","status":"publish","type":"post","link":"https:\/\/trayectoriadeportiva.com\/index.php\/2025\/06\/01\/eder-sarabia-devuelve-al-elche-a-primera-division\/","title":{"rendered":"Eder Sarabia devuelve al Elche a Primera Divisi\u00f3n"},"content":{"rendered":"<p>El Elche depend\u00eda de s\u00ed mismo para regresar a Primera Divisi\u00f3n y no fall\u00f3. El equipo dirigido por Eder Sarabia consigui\u00f3 rematar la faena y fue por la v\u00eda r\u00e1pida para dejar los deberes hechos al descanso con 0-3 favorable en el marcador ante el Deportivo de La Coru\u00f1a que acabar\u00eda siendo un 0-4 tras el pitido final. Los ilicitanos regresan a la m\u00e1xima categor\u00eda del f\u00fatbol espa\u00f1ol despu\u00e9s de dos temporadas en LaLiga Hypermotion. El trofeo de campe\u00f3n se lo ha llevado finalmente el Levante, <a href=\"https:\/\/www.lavanguardia.com\/deportes\/futbol\/20250525\/10719151\/levante-regresa-primera-division-tres-anos.html\" title=\"El Levante regresa a Primera Divisi\u00f3n tres a\u00f1os despu\u00e9s\">que confirm\u00f3 su ascenso a Primera Divisi\u00f3n el pasado fin de semana<\/a> tras imponerse al Burgos a domicilio.<\/p>\n<p><a href=\"https:\/\/www.lavanguardia.com\/deportes\/futbol\/20250601\/10742942\/eder-sarabia-devuelve-elche-primera-division.html\">Seguir leyendo&#8230;<\/a><\/p>","protected":false},"excerpt":{"rendered":"<p>El Elche depend\u00eda de s\u00ed mismo para regresar a Primera Divisi\u00f3n y no fall\u00f3. El equipo dirigido por Eder Sarabia consigui\u00f3 rematar la faena y fue por la v\u00eda r\u00e1pida para dejar los deberes hechos al descanso con 0-3 favorable en el marcador ante el Deportivo de La Coru\u00f1a que acabar\u00eda siendo un 0-4 tras [&hellip;]<\/p>\n","protected":false},"author":1,"featured_media":30219,"comment_status":"","ping_status":"","sticky":false,"template":"","format":"standard","meta":{"_et_pb_use_builder":"","_et_pb_old_content":"","_et_gb_content_width":"","footnotes":""},"categories":[1],"tags":[],"class_list":["post-30218","post","type-post","status-publish","format-standard","has-post-thumbnail","hentry","category-blog","et-has-post-format-content","et_post_format-et-post-format-standard"],"_links":{"self":[{"href":"https:\/\/trayectoriadeportiva.com\/index.php\/wp-json\/wp\/v2\/posts\/30218","targetHints":{"allow":["GET"]}}],"collection":[{"href":"https:\/\/trayectoriadeportiva.com\/index.php\/wp-json\/wp\/v2\/posts"}],"about":[{"href":"https:\/\/trayectoriadeportiva.com\/index.php\/wp-json\/wp\/v2\/types\/post"}],"author":[{"embeddable":true,"href":"https:\/\/trayectoriadeportiva.com\/index.php\/wp-json\/wp\/v2\/users\/1"}],"replies":[{"embeddable":true,"href":"https:\/\/trayectoriadeportiva.com\/index.php\/wp-json\/wp\/v2\/comments?post=30218"}],"version-history":[{"count":0,"href":"https:\/\/trayectoriadeportiva.com\/index.php\/wp-json\/wp\/v2\/posts\/30218\/revisions"}],"wp:featuredmedia":[{"embeddable":true,"href":"https:\/\/trayectoriadeportiva.com\/index.php\/wp-json\/wp\/v2\/media\/30219"}],"wp:attachment":[{"href":"https:\/\/trayectoriadeportiva.com\/index.php\/wp-json\/wp\/v2\/media?parent=30218"}],"wp:term":[{"taxonomy":"category","embeddable":true,"href":"https:\/\/trayectoriadeportiva.com\/index.php\/wp-json\/wp\/v2\/categories?post=30218"},{"taxonomy":"post_tag","embeddable":true,"href":"https:\/\/trayectoriadeportiva.com\/index.php\/wp-json\/wp\/v2\/tags?post=30218"}],"curies":[{"name":"wp","href":"https:\/\/api.w.org\/{rel}","templated":true}]}}